{"id":188334,"date":"2021-09-23T08:51:49","date_gmt":"2021-09-23T06:51:49","guid":{"rendered":"https:\/\/www.cicloturismo.it\/?p=188334"},"modified":"2021-09-23T08:51:49","modified_gmt":"2021-09-23T06:51:49","slug":"andrea-tafi-il-gladiatore-buono","status":"publish","type":"post","link":"https:\/\/demo.cicloturismo.it\/?p=188334","title":{"rendered":"Andrea Tafi, il Gladiatore buono"},"content":{"rendered":"<p>Non \u00e8 da tutti vincere una <strong>Parigi-Roubaix<\/strong> e un <strong>Giro delle Fiandre<\/strong>, impresa che in Italia \u00e8 riuscita solo ad <strong>Andrea Tafi<\/strong>, un grande campione che nella sua lunga carriera ha vinto tutto.<\/p>\n<p>Non \u00e8 per\u00f2 da tutti mettere i valori dello sport davanti al prestigio di una vittoria. <strong>Andrea Tafi<\/strong> per\u00f2 \u00e8 cos\u00ec, <strong>un vero Gladiatore buono<\/strong>: durante la prima tappa del Giro di Sardegna di domenica 19 settembre, una brutta caduta ha interessato Liviana Faoro\u00a0del Team Zanolini Bike che ha riportato la frattura del bacino e di una clavicola.<\/p>\n<p>Come raccontato da lei, subito dopo la caduta, a causa delle ferite riportate \u00e8 rimasta immobile a terra: disinteressandosi completamente della possibilit\u00e0 di vincere la tappa e della classifica generale, <strong>Tafi si \u00e8 subito fermato a prestare soccorso alla sfortunata ciclista mettendola in sicurezza ed attendendo l&#8217;arrivo dei soccorsi<\/strong>, dimostrando, ancora una volta, di possedere valori umani ancora pi\u00f9 grandi del suo talento.<br \/>\nPutroppo a causa delle gravit\u00e0 delle fratture Liviana si trova ancora ricoverata in ospedale e si prospetta una lunga guarigione.<\/p>\n<p>La <strong>Tuscany Extreme<\/strong> \u00e8 orgogliosa di avere nel suo staff, come testimonial di punta l\u2019immenso Andrea Tafi, un esempio di come vivere in modo sano lo sport che tutti amiamo. Augurando a Liviana di rimettersi presto, saremo ben lieti di ospitarla nei nostri prossimi eventi.<br \/>\nRicordiamo a tutti gli appassionati che il 2022 sar\u00e0 un anno ricco di eventi, cominceremo con la <strong>Granfondo della Versilia<\/strong> l&#8217;8 maggio e proseguiremo con la <strong>VI\u00b0 edizione della Randonn\u00e9e di Pinocchio<\/strong> il 12 Giugno.<br \/>\nPaolo Pagni<\/p>\n<p>&nbsp;<\/p>\n<p><img decoding=\"async\" class=\"lazyload aligncenter wp-image-188335 size-full\" src=\"data:image\/svg+xml,%3Csvg%20xmlns%3D%27http%3A%2F%2Fwww.w3.org%2F2000%2Fsvg%27%20width%3D%271080%27%20height%3D%271920%27%20viewBox%3D%270%200%201080%201920%27%3E%3Crect%20width%3D%271080%27%20height%3D%271920%27%20fill-opacity%3D%220%22%2F%3E%3C%2Fsvg%3E\" data-orig-src=\"https:\/\/demo.cicloturismo.it\/wp-content\/uploads\/2021\/09\/WhatsApp-Image-2021-09-22-at-11.27.48.jpeg\" alt=\"\" width=\"1080\" height=\"1920\" \/><\/p>\n<p>&nbsp;<\/p>\n","protected":false},"excerpt":{"rendered":"<p>Non \u00e8 da tutti vincere una Parigi-Roubaix e un Giro  [&#8230;]<\/p>\n","protected":false},"author":1,"featured_media":188336,"comment_status":"open","ping_status":"open","sticky":false,"template":"","format":"standard","meta":{"footnotes":""},"categories":[8],"tags":[],"class_list":["post-188334","post","type-post","status-publish","format-standard","has-post-thumbnail","hentry","category-news"],"_links":{"self":[{"href":"https:\/\/demo.cicloturismo.it\/index.php?rest_route=\/wp\/v2\/posts\/188334","targetHints":{"allow":["GET"]}}],"collection":[{"href":"https:\/\/demo.cicloturismo.it\/index.php?rest_route=\/wp\/v2\/posts"}],"about":[{"href":"https:\/\/demo.cicloturismo.it\/index.php?rest_route=\/wp\/v2\/types\/post"}],"author":[{"embeddable":true,"href":"https:\/\/demo.cicloturismo.it\/index.php?rest_route=\/wp\/v2\/users\/1"}],"replies":[{"embeddable":true,"href":"https:\/\/demo.cicloturismo.it\/index.php?rest_route=%2Fwp%2Fv2%2Fcomments&post=188334"}],"version-history":[{"count":0,"href":"https:\/\/demo.cicloturismo.it\/index.php?rest_route=\/wp\/v2\/posts\/188334\/revisions"}],"wp:featuredmedia":[{"embeddable":true,"href":"https:\/\/demo.cicloturismo.it\/index.php?rest_route=\/"}],"wp:attachment":[{"href":"https:\/\/demo.cicloturismo.it\/index.php?rest_route=%2Fwp%2Fv2%2Fmedia&parent=188334"}],"wp:term":[{"taxonomy":"category","embeddable":true,"href":"https:\/\/demo.cicloturismo.it\/index.php?rest_route=%2Fwp%2Fv2%2Fcategories&post=188334"},{"taxonomy":"post_tag","embeddable":true,"href":"https:\/\/demo.cicloturismo.it\/index.php?rest_route=%2Fwp%2Fv2%2Ftags&post=188334"}],"curies":[{"name":"wp","href":"https:\/\/api.w.org\/{rel}","templated":true}]}}