{"id":188340,"date":"2021-09-22T14:44:03","date_gmt":"2021-09-22T12:44:03","guid":{"rendered":"https:\/\/www.cicloturismo.it\/?p=188340"},"modified":"2021-09-22T14:44:03","modified_gmt":"2021-09-22T12:44:03","slug":"approvato-il-progetto-definitivo-della-ciclabile-di-corso-italia-a-genova","status":"publish","type":"post","link":"https:\/\/demo.cicloturismo.it\/?p=188340","title":{"rendered":"Approvato il progetto definitivo della ciclabile di Corso Italia a  Genova ."},"content":{"rendered":"<p><img decoding=\"async\" src=\"data:image\/svg+xml,%3Csvg%20xmlns%3D%27http%3A%2F%2Fwww.w3.org%2F2000%2Fsvg%27%20width%3D%27300%27%20height%3D%27199%27%20viewBox%3D%270%200%20300%20199%27%3E%3Crect%20width%3D%27300%27%20height%3D%27199%27%20fill-opacity%3D%220%22%2F%3E%3C%2Fsvg%3E\" data-orig-src=\"https:\/\/demo.cicloturismo.it\/wp-content\/uploads\/2021\/09\/bicycles-1673777_1280-300x199.jpg\" alt=\"\" width=\"300\" height=\"199\" class=\"lazyload alignnone size-medium wp-image-188341\" \/><br \/>\nLa giunta comunale di Genova ha approvato il progetto definitivo sulla nuova ciclabile urbana di Corso italia . La nuova ciclabile sar\u00e0  bidirezionale, separata dal traffico automobilistico e progettata per soddisfare e conciliare gli interessi e le esigenze di tutti gli utenti della strada, nell\u2019ottica di garantire la massimi sicurezza anche ai ciclisti . Sar\u00e0 lunga 2,5 km e avr\u00e0 una larghezza complessiva di 3 metri cio\u00e8 1,5 metri per ognuno dei due sensi di marcia,il percorso collegher\u00e0 corso Marconi a Boccadasse e si svilupper\u00e0 lungo la carreggiata a mare di corso Italia, che avr\u00e0 due corsie fino all\u2019intersezione con via Piave e un\u2019ampia corsia unica fino a via Cavallotti. <\/p>\n","protected":false},"excerpt":{"rendered":"<p>La giunta comunale di Genova ha approvato il progetto definitivo  [&#8230;]<\/p>\n","protected":false},"author":1,"featured_media":188341,"comment_status":"open","ping_status":"open","sticky":false,"template":"","format":"standard","meta":{"footnotes":""},"categories":[8],"tags":[],"class_list":["post-188340","post","type-post","status-publish","format-standard","has-post-thumbnail","hentry","category-news"],"_links":{"self":[{"href":"https:\/\/demo.cicloturismo.it\/index.php?rest_route=\/wp\/v2\/posts\/188340","targetHints":{"allow":["GET"]}}],"collection":[{"href":"https:\/\/demo.cicloturismo.it\/index.php?rest_route=\/wp\/v2\/posts"}],"about":[{"href":"https:\/\/demo.cicloturismo.it\/index.php?rest_route=\/wp\/v2\/types\/post"}],"author":[{"embeddable":true,"href":"https:\/\/demo.cicloturismo.it\/index.php?rest_route=\/wp\/v2\/users\/1"}],"replies":[{"embeddable":true,"href":"https:\/\/demo.cicloturismo.it\/index.php?rest_route=%2Fwp%2Fv2%2Fcomments&post=188340"}],"version-history":[{"count":0,"href":"https:\/\/demo.cicloturismo.it\/index.php?rest_route=\/wp\/v2\/posts\/188340\/revisions"}],"wp:featuredmedia":[{"embeddable":true,"href":"https:\/\/demo.cicloturismo.it\/index.php?rest_route=\/"}],"wp:attachment":[{"href":"https:\/\/demo.cicloturismo.it\/index.php?rest_route=%2Fwp%2Fv2%2Fmedia&parent=188340"}],"wp:term":[{"taxonomy":"category","embeddable":true,"href":"https:\/\/demo.cicloturismo.it\/index.php?rest_route=%2Fwp%2Fv2%2Fcategories&post=188340"},{"taxonomy":"post_tag","embeddable":true,"href":"https:\/\/demo.cicloturismo.it\/index.php?rest_route=%2Fwp%2Fv2%2Ftags&post=188340"}],"curies":[{"name":"wp","href":"https:\/\/api.w.org\/{rel}","templated":true}]}}