{"id":188396,"date":"2021-09-23T14:43:05","date_gmt":"2021-09-23T12:43:05","guid":{"rendered":"https:\/\/www.cicloturismo.it\/?p=188396"},"modified":"2021-09-23T14:43:05","modified_gmt":"2021-09-23T12:43:05","slug":"la-prima-pista-ciclabile-fotovoltaica-ditalia","status":"publish","type":"post","link":"https:\/\/demo.cicloturismo.it\/?p=188396","title":{"rendered":"La prima pista ciclabile fotovoltaica d\u2019Italia"},"content":{"rendered":"<p><img decoding=\"async\" src=\"data:image\/svg+xml,%3Csvg%20xmlns%3D%27http%3A%2F%2Fwww.w3.org%2F2000%2Fsvg%27%20width%3D%27300%27%20height%3D%27199%27%20viewBox%3D%270%200%20300%20199%27%3E%3Crect%20width%3D%27300%27%20height%3D%27199%27%20fill-opacity%3D%220%22%2F%3E%3C%2Fsvg%3E\" data-orig-src=\"https:\/\/demo.cicloturismo.it\/wp-content\/uploads\/2021\/09\/photovoltaic-2138994_1280-300x199.jpg\" alt=\"\" width=\"300\" height=\"199\" class=\"lazyload alignnone size-medium wp-image-188397\" \/><\/p>\n<p>Nella citt\u00e0 di Milano, localit\u00e0 Bicocca , sar\u00e0 realizzata la prima pista ciclabile fotovoltaica d\u2019Italia. Il progetto sar\u00e0 realizzato dalla  start-up innovativa Bys Italia, azienda veneta che sviluppa progetti di efficientamento energetico. La ciclabile verr\u00e0 costruita nella zona Bicocca sar\u00e0 realizzata da uno strato di  di 4 millimetri di cristallo con trattamento ceramico, che rende la pista<br \/>\n anti-scivolo e molto resistente alle cadute . Al di sotto verranno posizionati i pannelli solari , installati  a terra tramite una struttura in grado di garantire un supporto solido.La nuova pista ciclabile \u00e8 finanziata solo in parte dall\u2019impresa, il  20% dei fondi necessari viene raccolto tramite \u201cequity crowdfunding\u201c, raccolta fondi con il capitale sociale dell\u2019azienda aperto a tutti. <\/p>\n","protected":false},"excerpt":{"rendered":"<p>Nella citt\u00e0 di Milano, localit\u00e0 Bicocca , sar\u00e0 realizzata la  [&#8230;]<\/p>\n","protected":false},"author":1,"featured_media":188397,"comment_status":"open","ping_status":"open","sticky":false,"template":"","format":"standard","meta":{"footnotes":""},"categories":[8],"tags":[],"class_list":["post-188396","post","type-post","status-publish","format-standard","has-post-thumbnail","hentry","category-news"],"_links":{"self":[{"href":"https:\/\/demo.cicloturismo.it\/index.php?rest_route=\/wp\/v2\/posts\/188396","targetHints":{"allow":["GET"]}}],"collection":[{"href":"https:\/\/demo.cicloturismo.it\/index.php?rest_route=\/wp\/v2\/posts"}],"about":[{"href":"https:\/\/demo.cicloturismo.it\/index.php?rest_route=\/wp\/v2\/types\/post"}],"author":[{"embeddable":true,"href":"https:\/\/demo.cicloturismo.it\/index.php?rest_route=\/wp\/v2\/users\/1"}],"replies":[{"embeddable":true,"href":"https:\/\/demo.cicloturismo.it\/index.php?rest_route=%2Fwp%2Fv2%2Fcomments&post=188396"}],"version-history":[{"count":0,"href":"https:\/\/demo.cicloturismo.it\/index.php?rest_route=\/wp\/v2\/posts\/188396\/revisions"}],"wp:featuredmedia":[{"embeddable":true,"href":"https:\/\/demo.cicloturismo.it\/index.php?rest_route=\/"}],"wp:attachment":[{"href":"https:\/\/demo.cicloturismo.it\/index.php?rest_route=%2Fwp%2Fv2%2Fmedia&parent=188396"}],"wp:term":[{"taxonomy":"category","embeddable":true,"href":"https:\/\/demo.cicloturismo.it\/index.php?rest_route=%2Fwp%2Fv2%2Fcategories&post=188396"},{"taxonomy":"post_tag","embeddable":true,"href":"https:\/\/demo.cicloturismo.it\/index.php?rest_route=%2Fwp%2Fv2%2Ftags&post=188396"}],"curies":[{"name":"wp","href":"https:\/\/api.w.org\/{rel}","templated":true}]}}