{"id":188456,"date":"2021-09-28T14:47:07","date_gmt":"2021-09-28T12:47:07","guid":{"rendered":"https:\/\/www.cicloturismo.it\/?p=188456"},"modified":"2021-09-28T14:47:07","modified_gmt":"2021-09-28T12:47:07","slug":"nuova-ciclabile-nella-citta-di-ferrara-2","status":"publish","type":"post","link":"https:\/\/demo.cicloturismo.it\/?p=188456","title":{"rendered":"Nuova ciclabile nella citt\u00e0 di Ferrara."},"content":{"rendered":"<p><img decoding=\"async\" src=\"data:image\/svg+xml,%3Csvg%20xmlns%3D%27http%3A%2F%2Fwww.w3.org%2F2000%2Fsvg%27%20width%3D%27300%27%20height%3D%27207%27%20viewBox%3D%270%200%20300%20207%27%3E%3Crect%20width%3D%27300%27%20height%3D%27207%27%20fill-opacity%3D%220%22%2F%3E%3C%2Fsvg%3E\" data-orig-src=\"https:\/\/demo.cicloturismo.it\/wp-content\/uploads\/2021\/09\/bicycle-4149653_1280-300x207.jpg\" alt=\"\" width=\"300\" height=\"207\" class=\"lazyload alignnone size-medium wp-image-188458\" \/><\/p>\n<p>Quest&#8217;oggi \u00e8 stata inaugurata una nuova ciclabile   cittadina nella citt\u00e0 di Ferrara , che collegher\u00e0 la frazione di Caprile al polo industriale di Pomposa. La nuova ciclabile misura quasi un chilometro e mezzo, ed \u00e8 costata  circa mezzo milione di euro. Al taglio del nastro hanno partecipato il sindaco Sabina Zanardi e  Esat Ozoguz, General Manager di Kastamonu Italia.<\/p>\n<p>.<\/p>\n","protected":false},"excerpt":{"rendered":"<p>Quest&#8217;oggi \u00e8 stata inaugurata una nuova ciclabile cittadina nella citt\u00e0  [&#8230;]<\/p>\n","protected":false},"author":1,"featured_media":188458,"comment_status":"open","ping_status":"open","sticky":false,"template":"","format":"standard","meta":{"footnotes":""},"categories":[8],"tags":[],"class_list":["post-188456","post","type-post","status-publish","format-standard","has-post-thumbnail","hentry","category-news"],"_links":{"self":[{"href":"https:\/\/demo.cicloturismo.it\/index.php?rest_route=\/wp\/v2\/posts\/188456","targetHints":{"allow":["GET"]}}],"collection":[{"href":"https:\/\/demo.cicloturismo.it\/index.php?rest_route=\/wp\/v2\/posts"}],"about":[{"href":"https:\/\/demo.cicloturismo.it\/index.php?rest_route=\/wp\/v2\/types\/post"}],"author":[{"embeddable":true,"href":"https:\/\/demo.cicloturismo.it\/index.php?rest_route=\/wp\/v2\/users\/1"}],"replies":[{"embeddable":true,"href":"https:\/\/demo.cicloturismo.it\/index.php?rest_route=%2Fwp%2Fv2%2Fcomments&post=188456"}],"version-history":[{"count":0,"href":"https:\/\/demo.cicloturismo.it\/index.php?rest_route=\/wp\/v2\/posts\/188456\/revisions"}],"wp:featuredmedia":[{"embeddable":true,"href":"https:\/\/demo.cicloturismo.it\/index.php?rest_route=\/"}],"wp:attachment":[{"href":"https:\/\/demo.cicloturismo.it\/index.php?rest_route=%2Fwp%2Fv2%2Fmedia&parent=188456"}],"wp:term":[{"taxonomy":"category","embeddable":true,"href":"https:\/\/demo.cicloturismo.it\/index.php?rest_route=%2Fwp%2Fv2%2Fcategories&post=188456"},{"taxonomy":"post_tag","embeddable":true,"href":"https:\/\/demo.cicloturismo.it\/index.php?rest_route=%2Fwp%2Fv2%2Ftags&post=188456"}],"curies":[{"name":"wp","href":"https:\/\/api.w.org\/{rel}","templated":true}]}}