{"id":188473,"date":"2021-09-29T14:49:37","date_gmt":"2021-09-29T12:49:37","guid":{"rendered":"https:\/\/www.cicloturismo.it\/?p=188473"},"modified":"2021-09-29T14:49:37","modified_gmt":"2021-09-29T12:49:37","slug":"numerosi-malori-improvvisi-alla-granfondo-nove-colli","status":"publish","type":"post","link":"https:\/\/demo.cicloturismo.it\/?p=188473","title":{"rendered":"Numerosi malori improvvisi alla Granfondo  Nove colli ."},"content":{"rendered":"<p><img decoding=\"async\" src=\"data:image\/svg+xml,%3Csvg%20xmlns%3D%27http%3A%2F%2Fwww.w3.org%2F2000%2Fsvg%27%20width%3D%27300%27%20height%3D%27200%27%20viewBox%3D%270%200%20300%20200%27%3E%3Crect%20width%3D%27300%27%20height%3D%27200%27%20fill-opacity%3D%220%22%2F%3E%3C%2Fsvg%3E\" data-orig-src=\"https:\/\/demo.cicloturismo.it\/wp-content\/uploads\/2021\/09\/biker-446235_960_720-300x200.jpg\" alt=\"\" width=\"300\" height=\"200\" class=\"lazyload alignnone size-medium wp-image-188474\" \/><br \/>\nDomenica di inteso lavoro per il personale del 118 a causa dei numeri interventi di soccorso legati alla competizione ciclistica amatoriale &#8220;Nove Colli&#8221;. Sul percorso di gara si sono verificati molto malori improvvisi e cadute ,   che hanno richiesto l&#8217;intervento dei sanitari. La situazione di maggior gravit\u00e0  \u00e8 capitata ad un ciclista 51enne che si \u00e8 accasciato a terra dopo una brutta caduta. L&#8217;uomo si trova in terapia intensiva al Bufalini con una grave  lesione alla colonna vertebrale e rischia di rimanere paralizzato . Mentre altri due ciclisti sono stati soccorsi   con traumi molto  seri dopo una  caduta. Un altro ciclista \u00e8  stato colto da un malore improvviso  vicino al Barbotto, la strada che mette in comunicazione il Mercato Saraceno a Perticara . Altri partecipanti che, tagliato il traguardo, sono stati colti da malori improvvisi. Una ventina circa coloro che sono stati visitati al pronto soccorso .<\/p>\n","protected":false},"excerpt":{"rendered":"<p>Domenica di inteso lavoro per il personale del 118 a  [&#8230;]<\/p>\n","protected":false},"author":1,"featured_media":188474,"comment_status":"open","ping_status":"open","sticky":false,"template":"","format":"standard","meta":{"footnotes":""},"categories":[8],"tags":[],"class_list":["post-188473","post","type-post","status-publish","format-standard","has-post-thumbnail","hentry","category-news"],"_links":{"self":[{"href":"https:\/\/demo.cicloturismo.it\/index.php?rest_route=\/wp\/v2\/posts\/188473","targetHints":{"allow":["GET"]}}],"collection":[{"href":"https:\/\/demo.cicloturismo.it\/index.php?rest_route=\/wp\/v2\/posts"}],"about":[{"href":"https:\/\/demo.cicloturismo.it\/index.php?rest_route=\/wp\/v2\/types\/post"}],"author":[{"embeddable":true,"href":"https:\/\/demo.cicloturismo.it\/index.php?rest_route=\/wp\/v2\/users\/1"}],"replies":[{"embeddable":true,"href":"https:\/\/demo.cicloturismo.it\/index.php?rest_route=%2Fwp%2Fv2%2Fcomments&post=188473"}],"version-history":[{"count":0,"href":"https:\/\/demo.cicloturismo.it\/index.php?rest_route=\/wp\/v2\/posts\/188473\/revisions"}],"wp:featuredmedia":[{"embeddable":true,"href":"https:\/\/demo.cicloturismo.it\/index.php?rest_route=\/"}],"wp:attachment":[{"href":"https:\/\/demo.cicloturismo.it\/index.php?rest_route=%2Fwp%2Fv2%2Fmedia&parent=188473"}],"wp:term":[{"taxonomy":"category","embeddable":true,"href":"https:\/\/demo.cicloturismo.it\/index.php?rest_route=%2Fwp%2Fv2%2Fcategories&post=188473"},{"taxonomy":"post_tag","embeddable":true,"href":"https:\/\/demo.cicloturismo.it\/index.php?rest_route=%2Fwp%2Fv2%2Ftags&post=188473"}],"curies":[{"name":"wp","href":"https:\/\/api.w.org\/{rel}","templated":true}]}}