{"id":188660,"date":"2021-10-02T14:44:36","date_gmt":"2021-10-02T12:44:36","guid":{"rendered":"https:\/\/www.cicloturismo.it\/?p=188660"},"modified":"2021-10-02T14:44:36","modified_gmt":"2021-10-02T12:44:36","slug":"nuova-ciclabile-nella-citta-di-rio-saliceto","status":"publish","type":"post","link":"https:\/\/demo.cicloturismo.it\/?p=188660","title":{"rendered":"Nuova ciclabile nella citt\u00e0 di Rio Saliceto ."},"content":{"rendered":"<p><img decoding=\"async\" src=\"data:image\/svg+xml,%3Csvg%20xmlns%3D%27http%3A%2F%2Fwww.w3.org%2F2000%2Fsvg%27%20width%3D%27300%27%20height%3D%27200%27%20viewBox%3D%270%200%20300%20200%27%3E%3Crect%20width%3D%27300%27%20height%3D%27200%27%20fill-opacity%3D%220%22%2F%3E%3C%2Fsvg%3E\" data-orig-src=\"https:\/\/demo.cicloturismo.it\/wp-content\/uploads\/2021\/10\/bike-wheels-gc125c36c8_1280-300x200.jpg\" alt=\"\" width=\"300\" height=\"200\" class=\"lazyload alignnone size-medium wp-image-188661\" \/><\/p>\n<p>Il consiglio regionale  dell&#8217;Emilia Romagna ha approvato il finanziamento per la realizzazione della pista ciclabile &#8220;Iqbal\u201d.La nuova  ciclabile verr\u00e0 realizzata nella citt\u00e0 di Rio Saliceto, metter\u00e0 in comunicazione la parte nord della citt\u00e0  da via \u201cCa\u2019 de Frati\u201d , attraverser\u00e0  via Don Branchetti per poi  concludersi  in piazza Iqbal.  Tale opera servir\u00e0 per ridurre l\u2019inquinamento ambientale della zona. La nuova via ciclabile \u00e8 stata finanziata con  un contributo regionale di 26.274 euro, a questi si aggiungeranno risorse comunale per 51.025 euro .<\/p>\n","protected":false},"excerpt":{"rendered":"<p>Il consiglio regionale dell&#8217;Emilia Romagna ha approvato il finanziamento per  [&#8230;]<\/p>\n","protected":false},"author":1,"featured_media":188661,"comment_status":"open","ping_status":"open","sticky":false,"template":"","format":"standard","meta":{"footnotes":""},"categories":[8],"tags":[],"class_list":["post-188660","post","type-post","status-publish","format-standard","has-post-thumbnail","hentry","category-news"],"_links":{"self":[{"href":"https:\/\/demo.cicloturismo.it\/index.php?rest_route=\/wp\/v2\/posts\/188660","targetHints":{"allow":["GET"]}}],"collection":[{"href":"https:\/\/demo.cicloturismo.it\/index.php?rest_route=\/wp\/v2\/posts"}],"about":[{"href":"https:\/\/demo.cicloturismo.it\/index.php?rest_route=\/wp\/v2\/types\/post"}],"author":[{"embeddable":true,"href":"https:\/\/demo.cicloturismo.it\/index.php?rest_route=\/wp\/v2\/users\/1"}],"replies":[{"embeddable":true,"href":"https:\/\/demo.cicloturismo.it\/index.php?rest_route=%2Fwp%2Fv2%2Fcomments&post=188660"}],"version-history":[{"count":0,"href":"https:\/\/demo.cicloturismo.it\/index.php?rest_route=\/wp\/v2\/posts\/188660\/revisions"}],"wp:featuredmedia":[{"embeddable":true,"href":"https:\/\/demo.cicloturismo.it\/index.php?rest_route=\/"}],"wp:attachment":[{"href":"https:\/\/demo.cicloturismo.it\/index.php?rest_route=%2Fwp%2Fv2%2Fmedia&parent=188660"}],"wp:term":[{"taxonomy":"category","embeddable":true,"href":"https:\/\/demo.cicloturismo.it\/index.php?rest_route=%2Fwp%2Fv2%2Fcategories&post=188660"},{"taxonomy":"post_tag","embeddable":true,"href":"https:\/\/demo.cicloturismo.it\/index.php?rest_route=%2Fwp%2Fv2%2Ftags&post=188660"}],"curies":[{"name":"wp","href":"https:\/\/api.w.org\/{rel}","templated":true}]}}