{"id":188738,"date":"2021-10-05T11:04:52","date_gmt":"2021-10-05T09:04:52","guid":{"rendered":"https:\/\/www.cicloturismo.it\/?p=188738"},"modified":"2021-10-05T11:04:52","modified_gmt":"2021-10-05T09:04:52","slug":"nel-fango-della-roubaix-brilla-sonny-colbrelli-con-ale","status":"publish","type":"post","link":"https:\/\/demo.cicloturismo.it\/?p=188738","title":{"rendered":"Nel fango della Roubaix brilla Sonny Colbrelli. Con ALE\u2019!"},"content":{"rendered":"<p>Dopo 22 anni, un italiano torna a trionfare all\u2019inferno del nord, vestito dal brand italiano Al\u00e9. Il campione nazionale ed europeo in carica, che corre per il team Bahrain-Victorious, vince nella regina delle classiche del nord con la maglia firmata dal brand veronese.<!--more--><\/p>\n<p><a href=\"https:\/\/demo.cicloturismo.it\/wp-content\/uploads\/2021\/10\/Sonny-Colbrelli-Paris-Roubaix-2021-_1.jpg\"><img decoding=\"async\" class=\"lazyload alignnone size-large wp-image-188739\" src=\"data:image\/svg+xml,%3Csvg%20xmlns%3D%27http%3A%2F%2Fwww.w3.org%2F2000%2Fsvg%27%20width%3D%271024%27%20height%3D%27358%27%20viewBox%3D%270%200%201024%20358%27%3E%3Crect%20width%3D%271024%27%20height%3D%27358%27%20fill-opacity%3D%220%22%2F%3E%3C%2Fsvg%3E\" data-orig-src=\"https:\/\/demo.cicloturismo.it\/wp-content\/uploads\/2021\/10\/Sonny-Colbrelli-Paris-Roubaix-2021-_1-1024x358.jpg\" alt=\"NEL FANGO DELLA ROUBAIX BRILLA SONNY COLBRELLI. CON ALE\u2019!\" width=\"1024\" height=\"358\" \/><\/a><\/p>\n<p>Bonferraro di Sorg\u00e0 (VR) 4 ottobre 2021 \u2013 Sonny Colbrelli (team Bahrain-Victorious) vince la Paris-Roubaix con una prova meravigliosa, che richiama gli epici momenti del grande ciclismo dei tempi passati.<\/p>\n<p>Vince una delle classiche pi\u00f9 dure ed insidiose del calendario ciclistico internazionale, arrivando coperto di fango, dove l\u2019unica cosa visibile, forse, erano proprio i loghi Al\u00e9 sul palmo dei guanti, alzati in segno di vittoria!<\/p>\n<p>Come gi\u00e0 per la maglia tricolore messa a punto da Al\u00e9 per Sonny dopo la vittoria ai campionati italiani e per la maglia di campione europeo, alla Roubaix il ciclista del team Bahrain-Victorious indossa nuovamente un capo realizzato dal brand veronese, che fa parte della collezione PR-S.<\/p>\n<p><a href=\"https:\/\/demo.cicloturismo.it\/wp-content\/uploads\/2021\/10\/Sonny-Colbrelli-Paris-Roubaix-2021-_3.jpg\"><img decoding=\"async\" class=\"lazyload alignnone size-large wp-image-188741\" src=\"data:image\/svg+xml,%3Csvg%20xmlns%3D%27http%3A%2F%2Fwww.w3.org%2F2000%2Fsvg%27%20width%3D%271024%27%20height%3D%27599%27%20viewBox%3D%270%200%201024%20599%27%3E%3Crect%20width%3D%271024%27%20height%3D%27599%27%20fill-opacity%3D%220%22%2F%3E%3C%2Fsvg%3E\" data-orig-src=\"https:\/\/demo.cicloturismo.it\/wp-content\/uploads\/2021\/10\/Sonny-Colbrelli-Paris-Roubaix-2021-_3-1024x599.jpg\" alt=\"NEL FANGO DELLA ROUBAIX BRILLA SONNY COLBRELLI. CON ALE\u2019!\" width=\"1024\" height=\"599\" \/><\/a><\/p>\n<p>L&#8217;affidabilit\u00e0 della linea PR-S<br \/>\nDerivata direttamente dalla strettissima collaborazione con alcuni dei migliori top team del circuito ciclistico mondiale, la linea PR-S di Al\u00e9 rappresenta a tutti gli effetti un concentrato di stile e di prestazioni elevate alla massima potenza. \u00c8 la sintesi del pi\u00f9 alto livello di ricerca e di soluzioni tecniche sviluppate dal brand in tutti questi anni di attivit\u00e0 nel settore agonistico.<br \/>\nCapi di abbigliamento che possono essere definiti una \u201cseconda pelle\u201d, con tagli ridotti al minimo, che avvolgono il corpo con una vestibilit\u00e0? anatomica ed aerodinamica di altissima fattura. Inoltre, grazie alla tecnologia del \u201cBody Mapping\u201d, il posizionamento strategico dei tessuti impiegati nelle diverse zone del corpo e? scelto in base a specifiche esigenze di ventilazione, traspirazione e protezione.<\/p>\n<p><a href=\"https:\/\/demo.cicloturismo.it\/wp-content\/uploads\/2021\/10\/Sonny-Colbrelli-Paris-Roubaix-2021-_4.jpg\"><img decoding=\"async\" class=\"lazyload alignnone size-large wp-image-188742\" src=\"data:image\/svg+xml,%3Csvg%20xmlns%3D%27http%3A%2F%2Fwww.w3.org%2F2000%2Fsvg%27%20width%3D%271024%27%20height%3D%27652%27%20viewBox%3D%270%200%201024%20652%27%3E%3Crect%20width%3D%271024%27%20height%3D%27652%27%20fill-opacity%3D%220%22%2F%3E%3C%2Fsvg%3E\" data-orig-src=\"https:\/\/demo.cicloturismo.it\/wp-content\/uploads\/2021\/10\/Sonny-Colbrelli-Paris-Roubaix-2021-_4-1024x652.jpg\" alt=\"NEL FANGO DELLA ROUBAIX BRILLA SONNY COLBRELLI. CON ALE\u2019!\" width=\"1024\" height=\"652\" \/><\/a><\/p>\n<p>Ora, in vista della stagione fredda, oltre al kit PR-S il team Bahrain-Victorious utilizzer\u00e0 anche i capi protettivi (gusci, giacche, accessori) della linea Klimatik\u00ae: un concentrato tecnico di tessuti traspiranti, termoregolatori, impermeabili e confortevoli.<\/p>\n<p>Alessia Piccolo, Amministratore Delegato di APG, l\u2019azienda che fa capo ad Al\u00e9, ha commentato: \u201cSonny ci ha regalato grandi soddisfazioni quest\u2019anno, portando il logo Al\u00e9 sul gradino pi\u00f9 alto del podio agli italiani ed agli europei. Oggi, dopo oltre vent\u2019anni, l\u2019Italia ritorna a trionfare anche alla Roubaix ed io sono sopraffatta dall\u2019orgoglio e dalla felicit\u00e0. Questa \u00e8 una bellissima vittoria che incorona un atleta italiano, vestito da un\u2019azienda italiana. Mi congratulo con lui e ringrazio anche tutto il team Bahrain-Victorious!\u201d.<\/p>\n","protected":false},"excerpt":{"rendered":"<p>Dopo 22 anni, un italiano torna a trionfare all\u2019inferno del  [&#8230;]<\/p>\n","protected":false},"author":1,"featured_media":188744,"comment_status":"open","ping_status":"open","sticky":false,"template":"","format":"standard","meta":{"footnotes":""},"categories":[8],"tags":[],"class_list":["post-188738","post","type-post","status-publish","format-standard","has-post-thumbnail","hentry","category-news"],"_links":{"self":[{"href":"https:\/\/demo.cicloturismo.it\/index.php?rest_route=\/wp\/v2\/posts\/188738","targetHints":{"allow":["GET"]}}],"collection":[{"href":"https:\/\/demo.cicloturismo.it\/index.php?rest_route=\/wp\/v2\/posts"}],"about":[{"href":"https:\/\/demo.cicloturismo.it\/index.php?rest_route=\/wp\/v2\/types\/post"}],"author":[{"embeddable":true,"href":"https:\/\/demo.cicloturismo.it\/index.php?rest_route=\/wp\/v2\/users\/1"}],"replies":[{"embeddable":true,"href":"https:\/\/demo.cicloturismo.it\/index.php?rest_route=%2Fwp%2Fv2%2Fcomments&post=188738"}],"version-history":[{"count":0,"href":"https:\/\/demo.cicloturismo.it\/index.php?rest_route=\/wp\/v2\/posts\/188738\/revisions"}],"wp:featuredmedia":[{"embeddable":true,"href":"https:\/\/demo.cicloturismo.it\/index.php?rest_route=\/"}],"wp:attachment":[{"href":"https:\/\/demo.cicloturismo.it\/index.php?rest_route=%2Fwp%2Fv2%2Fmedia&parent=188738"}],"wp:term":[{"taxonomy":"category","embeddable":true,"href":"https:\/\/demo.cicloturismo.it\/index.php?rest_route=%2Fwp%2Fv2%2Fcategories&post=188738"},{"taxonomy":"post_tag","embeddable":true,"href":"https:\/\/demo.cicloturismo.it\/index.php?rest_route=%2Fwp%2Fv2%2Ftags&post=188738"}],"curies":[{"name":"wp","href":"https:\/\/api.w.org\/{rel}","templated":true}]}}