{"id":188786,"date":"2021-10-06T14:43:18","date_gmt":"2021-10-06T12:43:18","guid":{"rendered":"https:\/\/www.cicloturismo.it\/?p=188786"},"modified":"2021-10-06T14:43:18","modified_gmt":"2021-10-06T12:43:18","slug":"nuova-ciclabile-sul-monte-ortobene","status":"publish","type":"post","link":"https:\/\/demo.cicloturismo.it\/?p=188786","title":{"rendered":"Nuova ciclabile sul Monte Ortobene ."},"content":{"rendered":"<p><img decoding=\"async\" src=\"data:image\/svg+xml,%3Csvg%20xmlns%3D%27http%3A%2F%2Fwww.w3.org%2F2000%2Fsvg%27%20width%3D%27300%27%20height%3D%27225%27%20viewBox%3D%270%200%20300%20225%27%3E%3Crect%20width%3D%27300%27%20height%3D%27225%27%20fill-opacity%3D%220%22%2F%3E%3C%2Fsvg%3E\" data-orig-src=\"https:\/\/demo.cicloturismo.it\/wp-content\/uploads\/2021\/10\/cycling-path-gcb7022866_1280-300x225.jpg\" alt=\"\" width=\"300\" height=\"225\" class=\"lazyload alignnone size-medium wp-image-188787\" \/><\/p>\n<p>La giunta comunale di Nuoro ha dato il via  libera al progetto definitivo per la realizzazione di una nuova via ciclabile sul monte  Ortobene. La ciclabile partir\u00e0 dal parco di Sedda Ortai e condurr\u00e0 all&#8217;incrocio con via Jerace in cima alla montagna. Il progetto \u00e8 stato finanziato  dal ministero dei Trasporti e da fondi regionali. L&#8217;infrastruttura coster\u00e0 240mila euro, sar\u00e0 realizzata lungo la strada di propriet\u00e0 comunale e la ciclo via sar\u00e0 a due corsie , una per ogni senso di marcia . La via ciclabile sar\u00e0 lunga 4 chilometri , due in salita e due in discesa , con un dislivello di  155 metri e una pendenza del 7,8% . Il sindaco della citt\u00e0 ha dichiarata che &#8220;<strong>\u00e8 un tassello fondamentale per rendere sempre pi\u00f9 fruibile il nostro monte Ortobene, sia per i cittadini nuoresi, che ogni giorno vi si recano in bicicletta o a piedi, sia per gli appassionati del cicloturismo e del turismo ambientale<\/strong>&#8220;.<\/p>\n","protected":false},"excerpt":{"rendered":"<p>La giunta comunale di Nuoro ha dato il via libera  [&#8230;]<\/p>\n","protected":false},"author":1,"featured_media":188787,"comment_status":"open","ping_status":"open","sticky":false,"template":"","format":"standard","meta":{"footnotes":""},"categories":[8],"tags":[],"class_list":["post-188786","post","type-post","status-publish","format-standard","has-post-thumbnail","hentry","category-news"],"_links":{"self":[{"href":"https:\/\/demo.cicloturismo.it\/index.php?rest_route=\/wp\/v2\/posts\/188786","targetHints":{"allow":["GET"]}}],"collection":[{"href":"https:\/\/demo.cicloturismo.it\/index.php?rest_route=\/wp\/v2\/posts"}],"about":[{"href":"https:\/\/demo.cicloturismo.it\/index.php?rest_route=\/wp\/v2\/types\/post"}],"author":[{"embeddable":true,"href":"https:\/\/demo.cicloturismo.it\/index.php?rest_route=\/wp\/v2\/users\/1"}],"replies":[{"embeddable":true,"href":"https:\/\/demo.cicloturismo.it\/index.php?rest_route=%2Fwp%2Fv2%2Fcomments&post=188786"}],"version-history":[{"count":0,"href":"https:\/\/demo.cicloturismo.it\/index.php?rest_route=\/wp\/v2\/posts\/188786\/revisions"}],"wp:featuredmedia":[{"embeddable":true,"href":"https:\/\/demo.cicloturismo.it\/index.php?rest_route=\/"}],"wp:attachment":[{"href":"https:\/\/demo.cicloturismo.it\/index.php?rest_route=%2Fwp%2Fv2%2Fmedia&parent=188786"}],"wp:term":[{"taxonomy":"category","embeddable":true,"href":"https:\/\/demo.cicloturismo.it\/index.php?rest_route=%2Fwp%2Fv2%2Fcategories&post=188786"},{"taxonomy":"post_tag","embeddable":true,"href":"https:\/\/demo.cicloturismo.it\/index.php?rest_route=%2Fwp%2Fv2%2Ftags&post=188786"}],"curies":[{"name":"wp","href":"https:\/\/api.w.org\/{rel}","templated":true}]}}