{"id":188901,"date":"2021-10-12T14:56:23","date_gmt":"2021-10-12T12:56:23","guid":{"rendered":"https:\/\/www.cicloturismo.it\/?p=188901"},"modified":"2021-10-12T14:56:23","modified_gmt":"2021-10-12T12:56:23","slug":"saronno-sosta-selvaggia-sulla-ciclabile","status":"publish","type":"post","link":"https:\/\/demo.cicloturismo.it\/?p=188901","title":{"rendered":"Saronno , sosta selvaggia sulla ciclabile ."},"content":{"rendered":"<p><img decoding=\"async\" src=\"data:image\/svg+xml,%3Csvg%20xmlns%3D%27http%3A%2F%2Fwww.w3.org%2F2000%2Fsvg%27%20width%3D%27300%27%20height%3D%27200%27%20viewBox%3D%270%200%20300%20200%27%3E%3Crect%20width%3D%27300%27%20height%3D%27200%27%20fill-opacity%3D%220%22%2F%3E%3C%2Fsvg%3E\" data-orig-src=\"https:\/\/demo.cicloturismo.it\/wp-content\/uploads\/2021\/10\/bike-g99e888b95_1280-300x200.jpg\" alt=\"\" width=\"300\" height=\"200\" class=\"lazyload alignnone size-medium wp-image-188902\" \/><br \/>\nNella citt\u00e0 di Saronno , con la ripresa   delle vari attivit\u00e0 lavorative e scolastiche si \u00e8 notato un aumento di soste selvagge  lungo una ciclabile ,realizzata da pochi mesi .Molto automobilisti utilizzano la ciclabile di Via roma come se fosse un\u2019area di sosta . La causa principale di  carenza di parcheggi in quella zona \u00e8 stata la rimozione dei parcheggi sul lato sinistro dell\u2019arteria per lasciare spazio alle aiuole .<\/p>\n","protected":false},"excerpt":{"rendered":"<p>Nella citt\u00e0 di Saronno , con la ripresa delle vari  [&#8230;]<\/p>\n","protected":false},"author":1,"featured_media":188902,"comment_status":"open","ping_status":"open","sticky":false,"template":"","format":"standard","meta":{"footnotes":""},"categories":[8],"tags":[],"class_list":["post-188901","post","type-post","status-publish","format-standard","has-post-thumbnail","hentry","category-news"],"_links":{"self":[{"href":"https:\/\/demo.cicloturismo.it\/index.php?rest_route=\/wp\/v2\/posts\/188901","targetHints":{"allow":["GET"]}}],"collection":[{"href":"https:\/\/demo.cicloturismo.it\/index.php?rest_route=\/wp\/v2\/posts"}],"about":[{"href":"https:\/\/demo.cicloturismo.it\/index.php?rest_route=\/wp\/v2\/types\/post"}],"author":[{"embeddable":true,"href":"https:\/\/demo.cicloturismo.it\/index.php?rest_route=\/wp\/v2\/users\/1"}],"replies":[{"embeddable":true,"href":"https:\/\/demo.cicloturismo.it\/index.php?rest_route=%2Fwp%2Fv2%2Fcomments&post=188901"}],"version-history":[{"count":0,"href":"https:\/\/demo.cicloturismo.it\/index.php?rest_route=\/wp\/v2\/posts\/188901\/revisions"}],"wp:featuredmedia":[{"embeddable":true,"href":"https:\/\/demo.cicloturismo.it\/index.php?rest_route=\/"}],"wp:attachment":[{"href":"https:\/\/demo.cicloturismo.it\/index.php?rest_route=%2Fwp%2Fv2%2Fmedia&parent=188901"}],"wp:term":[{"taxonomy":"category","embeddable":true,"href":"https:\/\/demo.cicloturismo.it\/index.php?rest_route=%2Fwp%2Fv2%2Fcategories&post=188901"},{"taxonomy":"post_tag","embeddable":true,"href":"https:\/\/demo.cicloturismo.it\/index.php?rest_route=%2Fwp%2Fv2%2Ftags&post=188901"}],"curies":[{"name":"wp","href":"https:\/\/api.w.org\/{rel}","templated":true}]}}