{"id":188904,"date":"2021-10-12T15:09:29","date_gmt":"2021-10-12T13:09:29","guid":{"rendered":"https:\/\/www.cicloturismo.it\/?p=188904"},"modified":"2021-10-12T15:09:29","modified_gmt":"2021-10-12T13:09:29","slug":"guida-senza-patente-e-investe-una-donna-in-bicicletta","status":"publish","type":"post","link":"https:\/\/demo.cicloturismo.it\/?p=188904","title":{"rendered":"Guida senza patente e investe una donna in bicicletta."},"content":{"rendered":"<p><img decoding=\"async\" src=\"data:image\/svg+xml,%3Csvg%20xmlns%3D%27http%3A%2F%2Fwww.w3.org%2F2000%2Fsvg%27%20width%3D%27300%27%20height%3D%27200%27%20viewBox%3D%270%200%20300%20200%27%3E%3Crect%20width%3D%27300%27%20height%3D%27200%27%20fill-opacity%3D%220%22%2F%3E%3C%2Fsvg%3E\" data-orig-src=\"https:\/\/demo.cicloturismo.it\/wp-content\/uploads\/2021\/10\/bicycle-ga5fe64511_1280-300x200.jpg\" alt=\"\" width=\"300\" height=\"200\" class=\"lazyload alignnone size-medium wp-image-188905\" \/><\/p>\n<p>Ieri pomeriggio nella citt\u00e0 di Pisa si \u00e8 verificato un brutto incidente  sulla ciclabile, una donna in biciclette \u00e8 stata travolta da un&#8217;auto . La donna residente in Germania , \u00e8 stata investita da un&#8217;auto guidata da 69enne mentre stava percorrendo la  ciclabile in compagnia del suo compagno. L&#8217;uomo alla guida aveva la patente scaduta . Sul posto sono immediatamente intervenuti i soccorritori del 118 , ma purtroppo la donna \u00e8 morta sul colpo.<\/p>\n","protected":false},"excerpt":{"rendered":"<p>Ieri pomeriggio nella citt\u00e0 di Pisa si \u00e8 verificato un  [&#8230;]<\/p>\n","protected":false},"author":1,"featured_media":188905,"comment_status":"open","ping_status":"open","sticky":false,"template":"","format":"standard","meta":{"footnotes":""},"categories":[8],"tags":[],"class_list":["post-188904","post","type-post","status-publish","format-standard","has-post-thumbnail","hentry","category-news"],"_links":{"self":[{"href":"https:\/\/demo.cicloturismo.it\/index.php?rest_route=\/wp\/v2\/posts\/188904","targetHints":{"allow":["GET"]}}],"collection":[{"href":"https:\/\/demo.cicloturismo.it\/index.php?rest_route=\/wp\/v2\/posts"}],"about":[{"href":"https:\/\/demo.cicloturismo.it\/index.php?rest_route=\/wp\/v2\/types\/post"}],"author":[{"embeddable":true,"href":"https:\/\/demo.cicloturismo.it\/index.php?rest_route=\/wp\/v2\/users\/1"}],"replies":[{"embeddable":true,"href":"https:\/\/demo.cicloturismo.it\/index.php?rest_route=%2Fwp%2Fv2%2Fcomments&post=188904"}],"version-history":[{"count":0,"href":"https:\/\/demo.cicloturismo.it\/index.php?rest_route=\/wp\/v2\/posts\/188904\/revisions"}],"wp:featuredmedia":[{"embeddable":true,"href":"https:\/\/demo.cicloturismo.it\/index.php?rest_route=\/"}],"wp:attachment":[{"href":"https:\/\/demo.cicloturismo.it\/index.php?rest_route=%2Fwp%2Fv2%2Fmedia&parent=188904"}],"wp:term":[{"taxonomy":"category","embeddable":true,"href":"https:\/\/demo.cicloturismo.it\/index.php?rest_route=%2Fwp%2Fv2%2Fcategories&post=188904"},{"taxonomy":"post_tag","embeddable":true,"href":"https:\/\/demo.cicloturismo.it\/index.php?rest_route=%2Fwp%2Fv2%2Ftags&post=188904"}],"curies":[{"name":"wp","href":"https:\/\/api.w.org\/{rel}","templated":true}]}}