{"id":188930,"date":"2021-10-14T14:23:26","date_gmt":"2021-10-14T12:23:26","guid":{"rendered":"https:\/\/www.cicloturismo.it\/?p=188930"},"modified":"2021-10-14T14:23:26","modified_gmt":"2021-10-14T12:23:26","slug":"palermo-progetta-una-rete-ciclabile-di-100-km","status":"publish","type":"post","link":"https:\/\/demo.cicloturismo.it\/?p=188930","title":{"rendered":"Palermo ,progetta una rete ciclabile di 100 km ."},"content":{"rendered":"<p><img decoding=\"async\" src=\"data:image\/svg+xml,%3Csvg%20xmlns%3D%27http%3A%2F%2Fwww.w3.org%2F2000%2Fsvg%27%20width%3D%27300%27%20height%3D%27200%27%20viewBox%3D%270%200%20300%20200%27%3E%3Crect%20width%3D%27300%27%20height%3D%27200%27%20fill-opacity%3D%220%22%2F%3E%3C%2Fsvg%3E\" data-orig-src=\"https:\/\/demo.cicloturismo.it\/wp-content\/uploads\/2021\/10\/the-little-yellow-car-gba29aa026_1280-300x200.jpg\" alt=\"\" width=\"300\" height=\"200\" class=\"lazyload alignnone size-medium wp-image-188931\" \/><\/p>\n<p>Il comune di Palermo ha deciso di puntare sulla bicicletta per gli spostamene quotidiani in citt\u00e0 ,progettando  una rete ciclabile di circa 100 chilometri . Il progetto \u00e8 stato realizzatore  da Parcianello &#038; Partners engineering s.r.l. con sede ad Alpago (BL). Inoltre \u00e8 stato anche commissionato  uno studio che avr\u00e0  l&#8217;onere di progettare la manutenzione e la messa in sicurezza dei 50 Km di piste ciclabili gi\u00e0  esistenti in citt\u00e0 . <\/p>\n","protected":false},"excerpt":{"rendered":"<p>Il comune di Palermo ha deciso di puntare sulla bicicletta  [&#8230;]<\/p>\n","protected":false},"author":1,"featured_media":188931,"comment_status":"open","ping_status":"open","sticky":false,"template":"","format":"standard","meta":{"footnotes":""},"categories":[8],"tags":[],"class_list":["post-188930","post","type-post","status-publish","format-standard","has-post-thumbnail","hentry","category-news"],"_links":{"self":[{"href":"https:\/\/demo.cicloturismo.it\/index.php?rest_route=\/wp\/v2\/posts\/188930","targetHints":{"allow":["GET"]}}],"collection":[{"href":"https:\/\/demo.cicloturismo.it\/index.php?rest_route=\/wp\/v2\/posts"}],"about":[{"href":"https:\/\/demo.cicloturismo.it\/index.php?rest_route=\/wp\/v2\/types\/post"}],"author":[{"embeddable":true,"href":"https:\/\/demo.cicloturismo.it\/index.php?rest_route=\/wp\/v2\/users\/1"}],"replies":[{"embeddable":true,"href":"https:\/\/demo.cicloturismo.it\/index.php?rest_route=%2Fwp%2Fv2%2Fcomments&post=188930"}],"version-history":[{"count":0,"href":"https:\/\/demo.cicloturismo.it\/index.php?rest_route=\/wp\/v2\/posts\/188930\/revisions"}],"wp:featuredmedia":[{"embeddable":true,"href":"https:\/\/demo.cicloturismo.it\/index.php?rest_route=\/"}],"wp:attachment":[{"href":"https:\/\/demo.cicloturismo.it\/index.php?rest_route=%2Fwp%2Fv2%2Fmedia&parent=188930"}],"wp:term":[{"taxonomy":"category","embeddable":true,"href":"https:\/\/demo.cicloturismo.it\/index.php?rest_route=%2Fwp%2Fv2%2Fcategories&post=188930"},{"taxonomy":"post_tag","embeddable":true,"href":"https:\/\/demo.cicloturismo.it\/index.php?rest_route=%2Fwp%2Fv2%2Ftags&post=188930"}],"curies":[{"name":"wp","href":"https:\/\/api.w.org\/{rel}","templated":true}]}}