{"id":188947,"date":"2021-10-15T14:57:09","date_gmt":"2021-10-15T12:57:09","guid":{"rendered":"https:\/\/www.cicloturismo.it\/?p=188947"},"modified":"2021-10-15T14:57:09","modified_gmt":"2021-10-15T12:57:09","slug":"nuova-ciclabile-nella-citta-di-treviso","status":"publish","type":"post","link":"https:\/\/demo.cicloturismo.it\/?p=188947","title":{"rendered":"Nuova ciclabile nella citt\u00e0 di Treviso ."},"content":{"rendered":"<p><img decoding=\"async\" src=\"data:image\/svg+xml,%3Csvg%20xmlns%3D%27http%3A%2F%2Fwww.w3.org%2F2000%2Fsvg%27%20width%3D%27300%27%20height%3D%27200%27%20viewBox%3D%270%200%20300%20200%27%3E%3Crect%20width%3D%27300%27%20height%3D%27200%27%20fill-opacity%3D%220%22%2F%3E%3C%2Fsvg%3E\" data-orig-src=\"https:\/\/demo.cicloturismo.it\/wp-content\/uploads\/2021\/10\/bike-g0db03dc86_1280-300x200.jpg\" alt=\"\" width=\"300\" height=\"200\" class=\"lazyload alignnone size-medium wp-image-188949\" \/><\/p>\n<p>Quest&#8217;oggi nella citt\u00e0 di Treviso si \u00e8 inaugurata la nuova ciclabile che collega Santa Maria del Rovere alla Restera. Il percorso della nuova ciclabile \u00e8 lungo 3,1 chilometri , metter\u00e0 in comunicazione la  linea 10 &#8220;viale Brigata Marche&#8221; e la linea 11 &#8220;viale IV novembre&#8221; della Ciclopolitana di Treviso. Il progetto della ciclabile \u00e8 stato finanziato dal comune, ed \u00e8 costato circa 1,6 milioni di euro. <\/p>\n","protected":false},"excerpt":{"rendered":"<p>Quest&#8217;oggi nella citt\u00e0 di Treviso si \u00e8 inaugurata la nuova  [&#8230;]<\/p>\n","protected":false},"author":1,"featured_media":188949,"comment_status":"open","ping_status":"open","sticky":false,"template":"","format":"standard","meta":{"footnotes":""},"categories":[8],"tags":[],"class_list":["post-188947","post","type-post","status-publish","format-standard","has-post-thumbnail","hentry","category-news"],"_links":{"self":[{"href":"https:\/\/demo.cicloturismo.it\/index.php?rest_route=\/wp\/v2\/posts\/188947","targetHints":{"allow":["GET"]}}],"collection":[{"href":"https:\/\/demo.cicloturismo.it\/index.php?rest_route=\/wp\/v2\/posts"}],"about":[{"href":"https:\/\/demo.cicloturismo.it\/index.php?rest_route=\/wp\/v2\/types\/post"}],"author":[{"embeddable":true,"href":"https:\/\/demo.cicloturismo.it\/index.php?rest_route=\/wp\/v2\/users\/1"}],"replies":[{"embeddable":true,"href":"https:\/\/demo.cicloturismo.it\/index.php?rest_route=%2Fwp%2Fv2%2Fcomments&post=188947"}],"version-history":[{"count":0,"href":"https:\/\/demo.cicloturismo.it\/index.php?rest_route=\/wp\/v2\/posts\/188947\/revisions"}],"wp:featuredmedia":[{"embeddable":true,"href":"https:\/\/demo.cicloturismo.it\/index.php?rest_route=\/"}],"wp:attachment":[{"href":"https:\/\/demo.cicloturismo.it\/index.php?rest_route=%2Fwp%2Fv2%2Fmedia&parent=188947"}],"wp:term":[{"taxonomy":"category","embeddable":true,"href":"https:\/\/demo.cicloturismo.it\/index.php?rest_route=%2Fwp%2Fv2%2Fcategories&post=188947"},{"taxonomy":"post_tag","embeddable":true,"href":"https:\/\/demo.cicloturismo.it\/index.php?rest_route=%2Fwp%2Fv2%2Ftags&post=188947"}],"curies":[{"name":"wp","href":"https:\/\/api.w.org\/{rel}","templated":true}]}}