{"id":189042,"date":"2021-10-18T14:58:42","date_gmt":"2021-10-18T12:58:42","guid":{"rendered":"https:\/\/www.cicloturismo.it\/?p=189042"},"modified":"2021-10-18T14:58:42","modified_gmt":"2021-10-18T12:58:42","slug":"ruba-una-bici-da-5mila-euro-ma-aveva-il-gps-ritrovata-dai-carabinieri","status":"publish","type":"post","link":"https:\/\/demo.cicloturismo.it\/?p=189042","title":{"rendered":"Ruba una bici da 5mila euro ma aveva il gps: ritrovata dai carabinieri."},"content":{"rendered":"<p><img decoding=\"async\" src=\"data:image\/svg+xml,%3Csvg%20xmlns%3D%27http%3A%2F%2Fwww.w3.org%2F2000%2Fsvg%27%20width%3D%27300%27%20height%3D%27199%27%20viewBox%3D%270%200%20300%20199%27%3E%3Crect%20width%3D%27300%27%20height%3D%27199%27%20fill-opacity%3D%220%22%2F%3E%3C%2Fsvg%3E\" data-orig-src=\"https:\/\/demo.cicloturismo.it\/wp-content\/uploads\/2021\/10\/bicycles-ga9c1595b8_1280-300x199.jpg\" alt=\"\" width=\"300\" height=\"199\" class=\"lazyload alignnone size-medium wp-image-189043\" \/><\/p>\n<p>Lo scorso fine settimana  un turista tedesco si \u00e8 rivolto ai carabinieri della Spezia per denunciare il furto della sua bicicletta . L&#8217;uomo si  era recato con la sua famiglia in visita alle Cinque Terre , aveva parcheggiato il suo Van nel parcheggio sotterraneo della stazione della Spezia Centrale, a cui aveva assicurato con appositi lucchetti le sue tre biciclette di consistente valore economico. Una volta tornato dalla gita, si \u00e8 accorto che la biciclette pi\u00f9 costosa era stata rubata .  Le bicicletta era munita di GPS e quindi , il proprietario \u00e8 riuscito a tracciare il  percorso effettuato dalla bicicletta, che  era stato trasporta fino a Carrara. In pochi minuti i carabinieri sono andati nei pressi  di una attivit\u00e0 commerciale , dove \u00e8 stata trovata la bici .La bicicletta \u00e8 stata restituita al legittimo proprietari.<\/p>\n","protected":false},"excerpt":{"rendered":"<p>Lo scorso fine settimana un turista tedesco si \u00e8 rivolto  [&#8230;]<\/p>\n","protected":false},"author":1,"featured_media":189043,"comment_status":"open","ping_status":"open","sticky":false,"template":"","format":"standard","meta":{"footnotes":""},"categories":[8],"tags":[],"class_list":["post-189042","post","type-post","status-publish","format-standard","has-post-thumbnail","hentry","category-news"],"_links":{"self":[{"href":"https:\/\/demo.cicloturismo.it\/index.php?rest_route=\/wp\/v2\/posts\/189042","targetHints":{"allow":["GET"]}}],"collection":[{"href":"https:\/\/demo.cicloturismo.it\/index.php?rest_route=\/wp\/v2\/posts"}],"about":[{"href":"https:\/\/demo.cicloturismo.it\/index.php?rest_route=\/wp\/v2\/types\/post"}],"author":[{"embeddable":true,"href":"https:\/\/demo.cicloturismo.it\/index.php?rest_route=\/wp\/v2\/users\/1"}],"replies":[{"embeddable":true,"href":"https:\/\/demo.cicloturismo.it\/index.php?rest_route=%2Fwp%2Fv2%2Fcomments&post=189042"}],"version-history":[{"count":0,"href":"https:\/\/demo.cicloturismo.it\/index.php?rest_route=\/wp\/v2\/posts\/189042\/revisions"}],"wp:featuredmedia":[{"embeddable":true,"href":"https:\/\/demo.cicloturismo.it\/index.php?rest_route=\/"}],"wp:attachment":[{"href":"https:\/\/demo.cicloturismo.it\/index.php?rest_route=%2Fwp%2Fv2%2Fmedia&parent=189042"}],"wp:term":[{"taxonomy":"category","embeddable":true,"href":"https:\/\/demo.cicloturismo.it\/index.php?rest_route=%2Fwp%2Fv2%2Fcategories&post=189042"},{"taxonomy":"post_tag","embeddable":true,"href":"https:\/\/demo.cicloturismo.it\/index.php?rest_route=%2Fwp%2Fv2%2Ftags&post=189042"}],"curies":[{"name":"wp","href":"https:\/\/api.w.org\/{rel}","templated":true}]}}