{"id":189130,"date":"2021-10-22T15:16:17","date_gmt":"2021-10-22T13:16:17","guid":{"rendered":"https:\/\/www.cicloturismo.it\/?p=189130"},"modified":"2021-10-22T15:16:17","modified_gmt":"2021-10-22T13:16:17","slug":"nuova-cilabile-nel-cone-di-vergato","status":"publish","type":"post","link":"https:\/\/demo.cicloturismo.it\/?p=189130","title":{"rendered":"Nuova ciclabile nel comune di Vergato."},"content":{"rendered":"<p><img decoding=\"async\" src=\"data:image\/svg+xml,%3Csvg%20xmlns%3D%27http%3A%2F%2Fwww.w3.org%2F2000%2Fsvg%27%20width%3D%27300%27%20height%3D%27200%27%20viewBox%3D%270%200%20300%20200%27%3E%3Crect%20width%3D%27300%27%20height%3D%27200%27%20fill-opacity%3D%220%22%2F%3E%3C%2Fsvg%3E\" data-orig-src=\"https:\/\/demo.cicloturismo.it\/wp-content\/uploads\/2021\/10\/bike-path-gcd6f7f603_1280-300x200.jpg\" alt=\"\" width=\"300\" height=\"200\" class=\"lazyload alignnone size-medium wp-image-189062\" \/><br \/>\nLa scorsa settimana il comune  di Vergato ha approvato il progetto definito della nuova via ciclabile cittadina .La nuova ciclabile sar\u00e0 realizzata lungo la vecchia strada statale Porrettana, partir\u00e0 dal centro citt\u00e0 per poi terminare nei pressi della localit\u00e0 di  Riola. I lavori sono finanziati dal Comune per una cifra complessiva di 173mila euro.   <\/p>\n","protected":false},"excerpt":{"rendered":"<p>La scorsa settimana il comune di Vergato ha approvato il  [&#8230;]<\/p>\n","protected":false},"author":1,"featured_media":189062,"comment_status":"open","ping_status":"open","sticky":false,"template":"","format":"standard","meta":{"footnotes":""},"categories":[8],"tags":[],"class_list":["post-189130","post","type-post","status-publish","format-standard","has-post-thumbnail","hentry","category-news"],"_links":{"self":[{"href":"https:\/\/demo.cicloturismo.it\/index.php?rest_route=\/wp\/v2\/posts\/189130","targetHints":{"allow":["GET"]}}],"collection":[{"href":"https:\/\/demo.cicloturismo.it\/index.php?rest_route=\/wp\/v2\/posts"}],"about":[{"href":"https:\/\/demo.cicloturismo.it\/index.php?rest_route=\/wp\/v2\/types\/post"}],"author":[{"embeddable":true,"href":"https:\/\/demo.cicloturismo.it\/index.php?rest_route=\/wp\/v2\/users\/1"}],"replies":[{"embeddable":true,"href":"https:\/\/demo.cicloturismo.it\/index.php?rest_route=%2Fwp%2Fv2%2Fcomments&post=189130"}],"version-history":[{"count":0,"href":"https:\/\/demo.cicloturismo.it\/index.php?rest_route=\/wp\/v2\/posts\/189130\/revisions"}],"wp:featuredmedia":[{"embeddable":true,"href":"https:\/\/demo.cicloturismo.it\/index.php?rest_route=\/"}],"wp:attachment":[{"href":"https:\/\/demo.cicloturismo.it\/index.php?rest_route=%2Fwp%2Fv2%2Fmedia&parent=189130"}],"wp:term":[{"taxonomy":"category","embeddable":true,"href":"https:\/\/demo.cicloturismo.it\/index.php?rest_route=%2Fwp%2Fv2%2Fcategories&post=189130"},{"taxonomy":"post_tag","embeddable":true,"href":"https:\/\/demo.cicloturismo.it\/index.php?rest_route=%2Fwp%2Fv2%2Ftags&post=189130"}],"curies":[{"name":"wp","href":"https:\/\/api.w.org\/{rel}","templated":true}]}}