{"id":189285,"date":"2021-10-27T14:54:32","date_gmt":"2021-10-27T12:54:32","guid":{"rendered":"https:\/\/www.cicloturismo.it\/?p=189285"},"modified":"2021-10-27T14:54:32","modified_gmt":"2021-10-27T12:54:32","slug":"nuova-ciclabile-nella-citta-di-bolzano","status":"publish","type":"post","link":"https:\/\/demo.cicloturismo.it\/?p=189285","title":{"rendered":"Nuova ciclabile nella citt\u00e0 di Bolzano ."},"content":{"rendered":"<p><img decoding=\"async\" src=\"data:image\/svg+xml,%3Csvg%20xmlns%3D%27http%3A%2F%2Fwww.w3.org%2F2000%2Fsvg%27%20width%3D%27300%27%20height%3D%27200%27%20viewBox%3D%270%200%20300%20200%27%3E%3Crect%20width%3D%27300%27%20height%3D%27200%27%20fill-opacity%3D%220%22%2F%3E%3C%2Fsvg%3E\" data-orig-src=\"https:\/\/demo.cicloturismo.it\/wp-content\/uploads\/2021\/10\/berlin-gfe242f0a7_1280-300x200.jpg\" alt=\"\" width=\"300\" height=\"200\" class=\"lazyload alignnone size-medium wp-image-189286\" \/><\/p>\n<p>Il comune di Bolzano ha approvato il progetto definitivo della ciclabile di  piazza Gries . La nuova ciclabile partir\u00e0 dal   corso Libert\u00e0, proseguir\u00e0 in  piazza Gries utilizzando poi una nuova possibilit\u00e0 introdotta dal Codice della Strada:la \u201ccasa avanzata\u201d che prevede che allo stop, le biciclette abbiano la   precedenza rispetto ai veicoli .Quindi la ciclabile proseguir\u00e0  fino in  via Martin Knoller .<\/p>\n","protected":false},"excerpt":{"rendered":"<p>Il comune di Bolzano ha approvato il progetto definitivo della  [&#8230;]<\/p>\n","protected":false},"author":1,"featured_media":189286,"comment_status":"open","ping_status":"open","sticky":false,"template":"","format":"standard","meta":{"footnotes":""},"categories":[8],"tags":[],"class_list":["post-189285","post","type-post","status-publish","format-standard","has-post-thumbnail","hentry","category-news"],"_links":{"self":[{"href":"https:\/\/demo.cicloturismo.it\/index.php?rest_route=\/wp\/v2\/posts\/189285","targetHints":{"allow":["GET"]}}],"collection":[{"href":"https:\/\/demo.cicloturismo.it\/index.php?rest_route=\/wp\/v2\/posts"}],"about":[{"href":"https:\/\/demo.cicloturismo.it\/index.php?rest_route=\/wp\/v2\/types\/post"}],"author":[{"embeddable":true,"href":"https:\/\/demo.cicloturismo.it\/index.php?rest_route=\/wp\/v2\/users\/1"}],"replies":[{"embeddable":true,"href":"https:\/\/demo.cicloturismo.it\/index.php?rest_route=%2Fwp%2Fv2%2Fcomments&post=189285"}],"version-history":[{"count":0,"href":"https:\/\/demo.cicloturismo.it\/index.php?rest_route=\/wp\/v2\/posts\/189285\/revisions"}],"wp:featuredmedia":[{"embeddable":true,"href":"https:\/\/demo.cicloturismo.it\/index.php?rest_route=\/"}],"wp:attachment":[{"href":"https:\/\/demo.cicloturismo.it\/index.php?rest_route=%2Fwp%2Fv2%2Fmedia&parent=189285"}],"wp:term":[{"taxonomy":"category","embeddable":true,"href":"https:\/\/demo.cicloturismo.it\/index.php?rest_route=%2Fwp%2Fv2%2Fcategories&post=189285"},{"taxonomy":"post_tag","embeddable":true,"href":"https:\/\/demo.cicloturismo.it\/index.php?rest_route=%2Fwp%2Fv2%2Ftags&post=189285"}],"curies":[{"name":"wp","href":"https:\/\/api.w.org\/{rel}","templated":true}]}}