{"id":189334,"date":"2021-10-30T14:59:54","date_gmt":"2021-10-30T12:59:54","guid":{"rendered":"https:\/\/www.cicloturismo.it\/?p=189334"},"modified":"2021-10-30T14:59:54","modified_gmt":"2021-10-30T12:59:54","slug":"nuove-ciclabili-nel-comune-di-ferrara","status":"publish","type":"post","link":"https:\/\/demo.cicloturismo.it\/?p=189334","title":{"rendered":"Nuove ciclabili nel comune di Ferrara ."},"content":{"rendered":"<p><img decoding=\"async\" src=\"data:image\/svg+xml,%3Csvg%20xmlns%3D%27http%3A%2F%2Fwww.w3.org%2F2000%2Fsvg%27%20width%3D%27300%27%20height%3D%27200%27%20viewBox%3D%270%200%20300%20200%27%3E%3Crect%20width%3D%27300%27%20height%3D%27200%27%20fill-opacity%3D%220%22%2F%3E%3C%2Fsvg%3E\" data-orig-src=\"https:\/\/demo.cicloturismo.it\/wp-content\/uploads\/2021\/10\/bicycles-g4d89e307d_1280-300x200.jpg\" alt=\"\" width=\"300\" height=\"200\" class=\"lazyload alignnone size-medium wp-image-189335\" \/><br \/>\nLa giunta comunale della citt\u00e0 di Ferrara ha approvato il progetto definivo della nuova ciclabile ,che si svilupper\u00e0 lungo le mure, in via Belvedere .Secondo il progetto la ciclabile prender\u00e0 il via dal viale Belvedere per poi concludersi nel viale Tumiati. Il secondo tratto di ciclabile partir\u00e0 da  piazzale San Giovanni per poi terminare nei pressi del  doccile di San Rocco.Questo progetto avr\u00e0 un costo di circa 900mila euro. L\u2019assessore Andrea Maggi , spiega che  &#8221; <strong>Per la costruzione di   queste piste ciclabili verranno utilizzati dei   materiali di ultima generazione e in linea con gli ultimi standard ambientali. Si tratta di materiali ecocompatibili particolarmente adatti all\u2019utilizzo nel contesto di edifici storici&#8221;.<\/strong><\/p>\n","protected":false},"excerpt":{"rendered":"<p>La giunta comunale della citt\u00e0 di Ferrara ha approvato il  [&#8230;]<\/p>\n","protected":false},"author":1,"featured_media":189335,"comment_status":"open","ping_status":"open","sticky":false,"template":"","format":"standard","meta":{"footnotes":""},"categories":[8],"tags":[],"class_list":["post-189334","post","type-post","status-publish","format-standard","has-post-thumbnail","hentry","category-news"],"_links":{"self":[{"href":"https:\/\/demo.cicloturismo.it\/index.php?rest_route=\/wp\/v2\/posts\/189334","targetHints":{"allow":["GET"]}}],"collection":[{"href":"https:\/\/demo.cicloturismo.it\/index.php?rest_route=\/wp\/v2\/posts"}],"about":[{"href":"https:\/\/demo.cicloturismo.it\/index.php?rest_route=\/wp\/v2\/types\/post"}],"author":[{"embeddable":true,"href":"https:\/\/demo.cicloturismo.it\/index.php?rest_route=\/wp\/v2\/users\/1"}],"replies":[{"embeddable":true,"href":"https:\/\/demo.cicloturismo.it\/index.php?rest_route=%2Fwp%2Fv2%2Fcomments&post=189334"}],"version-history":[{"count":0,"href":"https:\/\/demo.cicloturismo.it\/index.php?rest_route=\/wp\/v2\/posts\/189334\/revisions"}],"wp:featuredmedia":[{"embeddable":true,"href":"https:\/\/demo.cicloturismo.it\/index.php?rest_route=\/"}],"wp:attachment":[{"href":"https:\/\/demo.cicloturismo.it\/index.php?rest_route=%2Fwp%2Fv2%2Fmedia&parent=189334"}],"wp:term":[{"taxonomy":"category","embeddable":true,"href":"https:\/\/demo.cicloturismo.it\/index.php?rest_route=%2Fwp%2Fv2%2Fcategories&post=189334"},{"taxonomy":"post_tag","embeddable":true,"href":"https:\/\/demo.cicloturismo.it\/index.php?rest_route=%2Fwp%2Fv2%2Ftags&post=189334"}],"curies":[{"name":"wp","href":"https:\/\/api.w.org\/{rel}","templated":true}]}}