{"id":189380,"date":"2021-11-02T15:32:24","date_gmt":"2021-11-02T13:32:24","guid":{"rendered":"https:\/\/www.cicloturismo.it\/?p=189380"},"modified":"2021-11-02T15:32:24","modified_gmt":"2021-11-02T13:32:24","slug":"progettata-una-nuova-ciclabile-nella-citta-di-ferrara","status":"publish","type":"post","link":"https:\/\/demo.cicloturismo.it\/?p=189380","title":{"rendered":"Progettata una nuova ciclabile nella citt\u00e0 di Ferrara ."},"content":{"rendered":"<p><img decoding=\"async\" src=\"data:image\/svg+xml,%3Csvg%20xmlns%3D%27http%3A%2F%2Fwww.w3.org%2F2000%2Fsvg%27%20width%3D%27300%27%20height%3D%27179%27%20viewBox%3D%270%200%20300%20179%27%3E%3Crect%20width%3D%27300%27%20height%3D%27179%27%20fill-opacity%3D%220%22%2F%3E%3C%2Fsvg%3E\" data-orig-src=\"https:\/\/demo.cicloturismo.it\/wp-content\/uploads\/2021\/11\/nature-g9f02621ad_1280-300x179.jpg\" alt=\"\" width=\"300\" height=\"179\" class=\"lazyload alignnone size-medium wp-image-189381\" \/><\/p>\n<p>Quest&#8217;oggi il consiglio comunale di Ferrara ha dato il via libera definito al progetto esecutivo della nuova ciclabile di  via Arginone. Secondo il progetto appena approvato il tratto ciclabile sar\u00e0 lungo circa un chilometro , si snoder\u00e0  tra via Trenti e il sottopasso ferroviario. Entro il 15 novembre il comune dovr\u00e0  selezionare  l&#8217;impresa che si occuper\u00e0 della costruzione della nuova via ciclabile.<\/p>\n","protected":false},"excerpt":{"rendered":"<p>Quest&#8217;oggi il consiglio comunale di Ferrara ha dato il via  [&#8230;]<\/p>\n","protected":false},"author":1,"featured_media":189381,"comment_status":"open","ping_status":"open","sticky":false,"template":"","format":"standard","meta":{"footnotes":""},"categories":[8],"tags":[],"class_list":["post-189380","post","type-post","status-publish","format-standard","has-post-thumbnail","hentry","category-news"],"_links":{"self":[{"href":"https:\/\/demo.cicloturismo.it\/index.php?rest_route=\/wp\/v2\/posts\/189380","targetHints":{"allow":["GET"]}}],"collection":[{"href":"https:\/\/demo.cicloturismo.it\/index.php?rest_route=\/wp\/v2\/posts"}],"about":[{"href":"https:\/\/demo.cicloturismo.it\/index.php?rest_route=\/wp\/v2\/types\/post"}],"author":[{"embeddable":true,"href":"https:\/\/demo.cicloturismo.it\/index.php?rest_route=\/wp\/v2\/users\/1"}],"replies":[{"embeddable":true,"href":"https:\/\/demo.cicloturismo.it\/index.php?rest_route=%2Fwp%2Fv2%2Fcomments&post=189380"}],"version-history":[{"count":0,"href":"https:\/\/demo.cicloturismo.it\/index.php?rest_route=\/wp\/v2\/posts\/189380\/revisions"}],"wp:featuredmedia":[{"embeddable":true,"href":"https:\/\/demo.cicloturismo.it\/index.php?rest_route=\/"}],"wp:attachment":[{"href":"https:\/\/demo.cicloturismo.it\/index.php?rest_route=%2Fwp%2Fv2%2Fmedia&parent=189380"}],"wp:term":[{"taxonomy":"category","embeddable":true,"href":"https:\/\/demo.cicloturismo.it\/index.php?rest_route=%2Fwp%2Fv2%2Fcategories&post=189380"},{"taxonomy":"post_tag","embeddable":true,"href":"https:\/\/demo.cicloturismo.it\/index.php?rest_route=%2Fwp%2Fv2%2Ftags&post=189380"}],"curies":[{"name":"wp","href":"https:\/\/api.w.org\/{rel}","templated":true}]}}