{"id":189409,"date":"2021-11-03T14:58:37","date_gmt":"2021-11-03T12:58:37","guid":{"rendered":"https:\/\/www.cicloturismo.it\/?p=189409"},"modified":"2021-11-03T14:58:37","modified_gmt":"2021-11-03T12:58:37","slug":"granfondo-della-versilia-2022","status":"publish","type":"post","link":"https:\/\/demo.cicloturismo.it\/?p=189409","title":{"rendered":"Granfondo della Versilia 2022"},"content":{"rendered":"<p>E\u2019 ufficiale, nel 2022 riprender\u00e0 la grande tradizione della <strong><em>Gran Fondo della Versilia<\/em><\/strong> giunta alla <strong><em>XXIV edizione<\/em><\/strong> con una veste ed un format profondamente rinnovato.<\/p>\n<p>La nuova Granfondo della Versilia prende vita grazie all\u2019<strong><em>Asd Pinocchio Extreme<\/em><\/strong>, gi\u00e0 curatrice della Randonn\u00e9e di Pinocchio e della <strong><em>Tuscany Extreme<\/em><\/strong> che ne ha rilevato il format con l\u2019intento di ridare vita a questa classica tanto apprezzata dagli appassionati.<\/p>\n<p>Saranno comunque ancora coinvolti i precedenti organizzatori, <strong><em>Pier Luigi e Silvia<\/em><\/strong>, che aiuteranno a traghettare la <strong><em>Gran Fondo della Versilia <\/em><\/strong>a verso il nuovo format pi\u00f9 orientato verso una <strong><em>cicloturistico<\/em><\/strong> <strong><em>agonistico<\/em><\/strong> e che garantiranno con la loro esperienza un passaggio di consegne morbido al fine di dare continuit\u00e0 alla qualit\u00e0 organizzativa che ha sempre contraddistinto questa manifestazione.<\/p>\n<p>La prima novit\u00e0 riguarda l\u2019area di arrivo e partenza che torner\u00e0 a <strong><em>Viareggio<\/em><\/strong> sul bellissimo lungomare di fronte al Principino Eventi.<\/p>\n<p><img decoding=\"async\" class=\"lazyload size-medium wp-image-5348 alignleft\" src=\"data:image\/svg+xml,%3Csvg%20xmlns%3D%27http%3A%2F%2Fwww.w3.org%2F2000%2Fsvg%27%20width%3D%27300%27%20height%3D%27196%27%20viewBox%3D%270%200%20300%20196%27%3E%3Crect%20width%3D%27300%27%20height%3D%27196%27%20fill-opacity%3D%220%22%2F%3E%3C%2Fsvg%3E\" data-orig-src=\"https:\/\/www.granfondoversilia.it\/wp-content\/uploads\/2021\/11\/5-300x196.jpg\" alt=\"\" width=\"300\" height=\"196\" \/>Il nuovo format prevede un mix tra una sfida <strong><em>agonistica<\/em><\/strong> e una <strong><em>cicloturistica<\/em><\/strong> in modo del tutto analogo a quello che avviene nei Rally (prove speciali e trasferimenti). Il percorso, da affrontare come una cicloturistica (senza quindi pensare al tempo ma solo godendosi il tracciato) sar\u00e0 intervallato da 4 cronoscalate agonistiche, strade chiuse, che daranno origine ad una apposita classifica ed ai relativi premi.<\/p>\n<p>Per ogni cronoscalata saranno premiati i primi <strong><em>3 uomini<\/em><\/strong> e le prime <strong><em>3 donne<\/em><\/strong>. Inoltre saranno premiati i <strong><em>primi 3 classificati<\/em><\/strong> per ognuna delle <strong><em>13 categorie federali<\/em><\/strong>, sar\u00e0 premiata la <strong><em>squadra pi\u00f9 numerosa<\/em><\/strong> e quella che taglier\u00e0 il <strong><em>traguardo assieme<\/em><\/strong> (nel rispetto dei valori dell\u2019amicizia e dell\u2019aiuto reciproco) e visto che la data della manifestazione coincide con la Festa della Mamma, saranno premiate le prime 3 mamme.<\/p>\n<p>Grande attenzione sar\u00e0 posta alla sicurezza sia stradale che sanitaria.<\/p>\n<p>Tutti i tratti non cronometrati si terranno su strada aperta, quindi i partecipanti devono non solo rispettare il <strong><em>Codice della Strada<\/em><\/strong>, ma pedalare con perizia e prudenza. L\u2019organizzazione garantir\u00e0 comunque la presenza di un cospicuo numero di personale ASA e di moto staffette con tanto di regolazione dei semafori specie nella zona dell\u2019arrivo e della partenza.<\/p>\n<p>I tratti agonistici cronometrati invece saranno in regime di<strong> s<em>trada chiusa<\/em><\/strong> con cancelli orari prestabiliti. Ovviamente, per evitare che i partecipanti all\u2019evento nei tratti \u201copen\u201d adottino un\u2019andatura esageratamente veloce al fine di rientrare nei cancelli, questi avranno un\u2019apertura temporale pi\u00f9 ampia possibile.<\/p>\n<p><img decoding=\"async\" class=\"lazyload alignleft wp-image-5352 size-medium\" src=\"data:image\/svg+xml,%3Csvg%20xmlns%3D%27http%3A%2F%2Fwww.w3.org%2F2000%2Fsvg%27%20width%3D%27300%27%20height%3D%27199%27%20viewBox%3D%270%200%20300%20199%27%3E%3Crect%20width%3D%27300%27%20height%3D%27199%27%20fill-opacity%3D%220%22%2F%3E%3C%2Fsvg%3E\" data-orig-src=\"https:\/\/www.granfondoversilia.it\/wp-content\/uploads\/2021\/11\/4-300x199.jpg\" alt=\"\" width=\"300\" height=\"199\" \/><\/p>\n<p>Infine, grazie all\u2019esperienza accumulata con le ultime due edizioni della Randonn\u00e9e di Pinocchio, sar\u00e0 garantito un protocollo sanitario stringente per tutti i partecipanti e le persone legate all\u2019organizzazione secondo quelli che saranno i requisiti richiesti al momento della manifestazione.<\/p>\n<p>Visto il modello che unisce agonismo al cicloturismo, i percorsi sono stati disegnati per permettere di godere appieno delle bellezze del territorio durante i tratti \u201copen\u201d mentre le cronoscalate sono state disegnate per tirare fuori lo spirito agonistico con tratti di assoluta difficolt\u00e0. Ci saranno due percorsi: il Classic di 81.5 Km con 1458 mt. con due cronoscalate, di dislivello ed il Marathon di 128,83 Km con ben 2528 mt di dislivello on quattro cronoscalate.<\/p>\n<p>Le quote di iscrizioni cos\u00ec come le offerte di early booking e le promo speciali a tempo (tutte non cumulabili tra loro) saranno sempre disponibili sul sito web ufficiale della manifestazione <a href=\"http:\/\/www.granfondoversilia.it\/\">www.granfondoversilia.it<\/a>\u00a0 e sui canali social della manifestazione<\/p>\n<p>Vista la ricorrenza dell\u20198 Maggio sar\u00e0 sempre garantito uno sconto di <strong><em>10\u20ac per le donne<\/em><\/strong>.<\/p>\n<p>Le iscrizioni cos\u00ec come i cronometraggi e i servizi fotografici saranno curati da ENDU.<\/p>\n<p>La due giorni prender\u00e0 avvio sabato 7 maggio con la possibilit\u00e0 di iscrizione, ricevere il pacco gara e visitare il bike village allestito sul lungomare viareggino e culminer\u00e0 domenica 8 maggio con la partenza (ore 8.00), il pasta party all\u2019arrivo dei partecipanti e la premiazione.<\/p>\n<p><iframe class=\"lazyload\" title=\"YouTube video player\" src=\"data:image\/svg+xml,%3Csvg%20xmlns%3D%27http%3A%2F%2Fwww.w3.org%2F2000%2Fsvg%27%20width%3D%27560%27%20height%3D%27315%27%20viewBox%3D%270%200%20560%20315%27%3E%3Crect%20width%3D%27560%27%20height%3D%27315%27%20fill-opacity%3D%220%22%2F%3E%3C%2Fsvg%3E\" data-orig-src=\"https:\/\/www.youtube.com\/embed\/wh3QWN93PNI\" width=\"560\" height=\"315\" frameborder=\"0\" allowfullscreen=\"allowfullscreen\"><\/iframe><\/p>\n","protected":false},"excerpt":{"rendered":"<p>E\u2019 ufficiale, nel 2022 riprender\u00e0 la grande tradizione della Gran  [&#8230;]<\/p>\n","protected":false},"author":1,"featured_media":189420,"comment_status":"open","ping_status":"open","sticky":false,"template":"","format":"standard","meta":{"footnotes":""},"categories":[8],"tags":[],"class_list":["post-189409","post","type-post","status-publish","format-standard","has-post-thumbnail","hentry","category-news"],"_links":{"self":[{"href":"https:\/\/demo.cicloturismo.it\/index.php?rest_route=\/wp\/v2\/posts\/189409","targetHints":{"allow":["GET"]}}],"collection":[{"href":"https:\/\/demo.cicloturismo.it\/index.php?rest_route=\/wp\/v2\/posts"}],"about":[{"href":"https:\/\/demo.cicloturismo.it\/index.php?rest_route=\/wp\/v2\/types\/post"}],"author":[{"embeddable":true,"href":"https:\/\/demo.cicloturismo.it\/index.php?rest_route=\/wp\/v2\/users\/1"}],"replies":[{"embeddable":true,"href":"https:\/\/demo.cicloturismo.it\/index.php?rest_route=%2Fwp%2Fv2%2Fcomments&post=189409"}],"version-history":[{"count":0,"href":"https:\/\/demo.cicloturismo.it\/index.php?rest_route=\/wp\/v2\/posts\/189409\/revisions"}],"wp:featuredmedia":[{"embeddable":true,"href":"https:\/\/demo.cicloturismo.it\/index.php?rest_route=\/"}],"wp:attachment":[{"href":"https:\/\/demo.cicloturismo.it\/index.php?rest_route=%2Fwp%2Fv2%2Fmedia&parent=189409"}],"wp:term":[{"taxonomy":"category","embeddable":true,"href":"https:\/\/demo.cicloturismo.it\/index.php?rest_route=%2Fwp%2Fv2%2Fcategories&post=189409"},{"taxonomy":"post_tag","embeddable":true,"href":"https:\/\/demo.cicloturismo.it\/index.php?rest_route=%2Fwp%2Fv2%2Ftags&post=189409"}],"curies":[{"name":"wp","href":"https:\/\/api.w.org\/{rel}","templated":true}]}}