{"id":189583,"date":"2021-11-10T15:56:06","date_gmt":"2021-11-10T13:56:06","guid":{"rendered":"https:\/\/www.cicloturismo.it\/?p=189583"},"modified":"2021-11-10T15:56:06","modified_gmt":"2021-11-10T13:56:06","slug":"nuove-ciclabili-nel-comune-di-nardo","status":"publish","type":"post","link":"https:\/\/demo.cicloturismo.it\/?p=189583","title":{"rendered":"Nuove ciclabili nel comune di Nard\u00f2 ."},"content":{"rendered":"<p><img decoding=\"async\" src=\"data:image\/svg+xml,%3Csvg%20xmlns%3D%27http%3A%2F%2Fwww.w3.org%2F2000%2Fsvg%27%20width%3D%27300%27%20height%3D%27200%27%20viewBox%3D%270%200%20300%20200%27%3E%3Crect%20width%3D%27300%27%20height%3D%27200%27%20fill-opacity%3D%220%22%2F%3E%3C%2Fsvg%3E\" data-orig-src=\"https:\/\/demo.cicloturismo.it\/wp-content\/uploads\/2021\/11\/bicycle-g7ba931c01_1280-300x200.jpg\" alt=\"\" width=\"300\" height=\"200\" class=\"lazyload alignnone size-medium wp-image-189584\" \/><br \/>\nLa giunta comunale di Nard\u00f2 ha dato il via libera al progetto della nuova rete ciclabile della citt\u00e0,di sei chilometri , avr\u00e0 un costo di 800 mila euro . La nuova rete ciclabile unir\u00e0 il centro al mare, passando per l\u2019area delle ville storiche delle \u201cCenate Vecchie\u201d per poi concludersi  fino al  Porto Selvaggio. La giunta comunale punta di diventare  una delle citt\u00e0 pi\u00f9 <strong>\u201cciclabili\u201d<\/strong> d\u2019Italia. <\/p>\n","protected":false},"excerpt":{"rendered":"<p>La giunta comunale di Nard\u00f2 ha dato il via libera  [&#8230;]<\/p>\n","protected":false},"author":1,"featured_media":189584,"comment_status":"open","ping_status":"open","sticky":false,"template":"","format":"standard","meta":{"footnotes":""},"categories":[8],"tags":[],"class_list":["post-189583","post","type-post","status-publish","format-standard","has-post-thumbnail","hentry","category-news"],"_links":{"self":[{"href":"https:\/\/demo.cicloturismo.it\/index.php?rest_route=\/wp\/v2\/posts\/189583","targetHints":{"allow":["GET"]}}],"collection":[{"href":"https:\/\/demo.cicloturismo.it\/index.php?rest_route=\/wp\/v2\/posts"}],"about":[{"href":"https:\/\/demo.cicloturismo.it\/index.php?rest_route=\/wp\/v2\/types\/post"}],"author":[{"embeddable":true,"href":"https:\/\/demo.cicloturismo.it\/index.php?rest_route=\/wp\/v2\/users\/1"}],"replies":[{"embeddable":true,"href":"https:\/\/demo.cicloturismo.it\/index.php?rest_route=%2Fwp%2Fv2%2Fcomments&post=189583"}],"version-history":[{"count":0,"href":"https:\/\/demo.cicloturismo.it\/index.php?rest_route=\/wp\/v2\/posts\/189583\/revisions"}],"wp:featuredmedia":[{"embeddable":true,"href":"https:\/\/demo.cicloturismo.it\/index.php?rest_route=\/"}],"wp:attachment":[{"href":"https:\/\/demo.cicloturismo.it\/index.php?rest_route=%2Fwp%2Fv2%2Fmedia&parent=189583"}],"wp:term":[{"taxonomy":"category","embeddable":true,"href":"https:\/\/demo.cicloturismo.it\/index.php?rest_route=%2Fwp%2Fv2%2Fcategories&post=189583"},{"taxonomy":"post_tag","embeddable":true,"href":"https:\/\/demo.cicloturismo.it\/index.php?rest_route=%2Fwp%2Fv2%2Ftags&post=189583"}],"curies":[{"name":"wp","href":"https:\/\/api.w.org\/{rel}","templated":true}]}}