{"id":189633,"date":"2021-11-13T16:16:29","date_gmt":"2021-11-13T14:16:29","guid":{"rendered":"https:\/\/www.cicloturismo.it\/?p=189633"},"modified":"2021-11-13T16:16:29","modified_gmt":"2021-11-13T14:16:29","slug":"cacciatore-spara-addosso-a-un-gruppo-di-cicliste","status":"publish","type":"post","link":"https:\/\/demo.cicloturismo.it\/?p=189633","title":{"rendered":"Cacciatore spara  addosso a un gruppo di cicliste ."},"content":{"rendered":"<p><img decoding=\"async\" class=\"lazyload alignnone size-medium wp-image-189634\" src=\"data:image\/svg+xml,%3Csvg%20xmlns%3D%27http%3A%2F%2Fwww.w3.org%2F2000%2Fsvg%27%20width%3D%27300%27%20height%3D%27195%27%20viewBox%3D%270%200%20300%20195%27%3E%3Crect%20width%3D%27300%27%20height%3D%27195%27%20fill-opacity%3D%220%22%2F%3E%3C%2Fsvg%3E\" data-orig-src=\"https:\/\/demo.cicloturismo.it\/wp-content\/uploads\/2021\/11\/hunter-ge23aff188_1280-300x195.jpg\" alt=\"\" width=\"300\" height=\"195\" \/><\/p>\n<p>Mercoled\u00ec scorso un gruppo di tre cicliste stava pedalando sulla ciclabile del Marecchia, quando ad\u00a0 certo punto\u00a0 un cacciatore\u00a0 di Fagiani , ha fatto partire una\u00a0 raffica di colpi \u00a0.La maggior parte dei\u00a0 pallini si sono infranti contro la ringhiera\u00a0 che costeggia la ciclabile . Le tre cicliste dopo lo spavento iniziale , hanno\u00a0 deciso di chiamare\u00a0 i carabinieri per denunciare il fatto .\u00a0 Ma nel tra tempo il cacciatore si \u00e8 dato alla fuga . Una delle cicliste racconta\u00a0 &#8221;\u00a0 \u00c8 stata un\u2019esperienza\u00a0 molto traumatica .\u00a0 Quando ho sentito lo scoppio dell\u2019arma,\u00a0<strong>mi sono abbassata istintivamente<\/strong>. I colpi sono passati\u00a0<strong>vicinissimo all\u2019orecchio<\/strong>, mancandomi per pochi cm . Un secondo in pi\u00f9, e avrei fatto una brutta fine. \u00c8 andata peggio alla mia amica <strong>, che invece \u00e8 stata raggiunta alla gamba <\/strong>dai pallini, che hanno lacerato la sua tuta . Non \u00e8 rimasta ferita, grazie al cielo&#8221;.<\/p>\n<p>&nbsp;<\/p>\n<p>&nbsp;<\/p>\n","protected":false},"excerpt":{"rendered":"<p>Mercoled\u00ec scorso un gruppo di tre cicliste stava pedalando sulla  [&#8230;]<\/p>\n","protected":false},"author":1,"featured_media":189634,"comment_status":"open","ping_status":"open","sticky":false,"template":"","format":"standard","meta":{"footnotes":""},"categories":[8],"tags":[],"class_list":["post-189633","post","type-post","status-publish","format-standard","has-post-thumbnail","hentry","category-news"],"_links":{"self":[{"href":"https:\/\/demo.cicloturismo.it\/index.php?rest_route=\/wp\/v2\/posts\/189633","targetHints":{"allow":["GET"]}}],"collection":[{"href":"https:\/\/demo.cicloturismo.it\/index.php?rest_route=\/wp\/v2\/posts"}],"about":[{"href":"https:\/\/demo.cicloturismo.it\/index.php?rest_route=\/wp\/v2\/types\/post"}],"author":[{"embeddable":true,"href":"https:\/\/demo.cicloturismo.it\/index.php?rest_route=\/wp\/v2\/users\/1"}],"replies":[{"embeddable":true,"href":"https:\/\/demo.cicloturismo.it\/index.php?rest_route=%2Fwp%2Fv2%2Fcomments&post=189633"}],"version-history":[{"count":0,"href":"https:\/\/demo.cicloturismo.it\/index.php?rest_route=\/wp\/v2\/posts\/189633\/revisions"}],"wp:featuredmedia":[{"embeddable":true,"href":"https:\/\/demo.cicloturismo.it\/index.php?rest_route=\/"}],"wp:attachment":[{"href":"https:\/\/demo.cicloturismo.it\/index.php?rest_route=%2Fwp%2Fv2%2Fmedia&parent=189633"}],"wp:term":[{"taxonomy":"category","embeddable":true,"href":"https:\/\/demo.cicloturismo.it\/index.php?rest_route=%2Fwp%2Fv2%2Fcategories&post=189633"},{"taxonomy":"post_tag","embeddable":true,"href":"https:\/\/demo.cicloturismo.it\/index.php?rest_route=%2Fwp%2Fv2%2Ftags&post=189633"}],"curies":[{"name":"wp","href":"https:\/\/api.w.org\/{rel}","templated":true}]}}