{"id":189647,"date":"2021-11-14T16:24:29","date_gmt":"2021-11-14T14:24:29","guid":{"rendered":"https:\/\/www.cicloturismo.it\/?p=189647"},"modified":"2021-11-14T16:24:29","modified_gmt":"2021-11-14T14:24:29","slug":"nuovo-codice-della-strada-luci-obbligatorie-sulle-biciclette","status":"publish","type":"post","link":"https:\/\/demo.cicloturismo.it\/?p=189647","title":{"rendered":"Nuovo codice della strada,  luci obbligatorie sulle biciclette."},"content":{"rendered":"<p>&nbsp;<\/p>\n<p><img decoding=\"async\" class=\"lazyload alignnone size-medium wp-image-189648\" src=\"data:image\/svg+xml,%3Csvg%20xmlns%3D%27http%3A%2F%2Fwww.w3.org%2F2000%2Fsvg%27%20width%3D%27300%27%20height%3D%27199%27%20viewBox%3D%270%200%20300%20199%27%3E%3Crect%20width%3D%27300%27%20height%3D%27199%27%20fill-opacity%3D%220%22%2F%3E%3C%2Fsvg%3E\" data-orig-src=\"https:\/\/demo.cicloturismo.it\/wp-content\/uploads\/2021\/11\/bicycle-241514_1280-300x199.jpg\" alt=\"\" width=\"300\" height=\"199\" \/><\/p>\n<p>Il nuovo codice\u00a0 della strada\u00a0 , in vigore\u00a0 dal 10 novembre,\u00a0 prevede\u00a0 delle\u00a0 importati\u00a0 novit\u00e0\u00a0 anche per le biciclette.<\/p>\n<h3>Il nuovo\u00a0 \u00a0codice della strada\u00a0 prevede<\/h3>\n<p>L&#8217;istallazione\u00a0 di dispositivi luminosi\u00a0 sulla biciclette per rendersi visibili al buio (articolo 68 del Codice della strada) devono essere presenti sempre, mentre finora erano obbligatori solo in caso di circolazione da mezz&#8217;ora dopo il tramonto del sole a mezz&#8217;ora prima del suo sorgere (e anche di giorno nelle gallerie e in ogni altro caso di scarsa visibilit\u00e0). Quindi, a chi circola solo di giorno non baster\u00e0 pi\u00f9 montare solo il campanellino, come previsto finora.<\/p>\n<p>I\u2009dispositivi da montare\u00a0 sono :<\/p>\n<p>&#8211; davanti, luci bianche o gialle;<\/p>\n<p>&#8211; dietro, luci rosse e catadiottri rossi;<\/p>\n<p>&#8211; sui pedali e sui lati, catadiottri gialli.<\/p>\n","protected":false},"excerpt":{"rendered":"<p>&nbsp; Il nuovo codice\u00a0 della strada\u00a0 , in vigore\u00a0 dal  [&#8230;]<\/p>\n","protected":false},"author":1,"featured_media":189648,"comment_status":"open","ping_status":"open","sticky":false,"template":"","format":"standard","meta":{"footnotes":""},"categories":[8],"tags":[],"class_list":["post-189647","post","type-post","status-publish","format-standard","has-post-thumbnail","hentry","category-news"],"_links":{"self":[{"href":"https:\/\/demo.cicloturismo.it\/index.php?rest_route=\/wp\/v2\/posts\/189647","targetHints":{"allow":["GET"]}}],"collection":[{"href":"https:\/\/demo.cicloturismo.it\/index.php?rest_route=\/wp\/v2\/posts"}],"about":[{"href":"https:\/\/demo.cicloturismo.it\/index.php?rest_route=\/wp\/v2\/types\/post"}],"author":[{"embeddable":true,"href":"https:\/\/demo.cicloturismo.it\/index.php?rest_route=\/wp\/v2\/users\/1"}],"replies":[{"embeddable":true,"href":"https:\/\/demo.cicloturismo.it\/index.php?rest_route=%2Fwp%2Fv2%2Fcomments&post=189647"}],"version-history":[{"count":0,"href":"https:\/\/demo.cicloturismo.it\/index.php?rest_route=\/wp\/v2\/posts\/189647\/revisions"}],"wp:featuredmedia":[{"embeddable":true,"href":"https:\/\/demo.cicloturismo.it\/index.php?rest_route=\/"}],"wp:attachment":[{"href":"https:\/\/demo.cicloturismo.it\/index.php?rest_route=%2Fwp%2Fv2%2Fmedia&parent=189647"}],"wp:term":[{"taxonomy":"category","embeddable":true,"href":"https:\/\/demo.cicloturismo.it\/index.php?rest_route=%2Fwp%2Fv2%2Fcategories&post=189647"},{"taxonomy":"post_tag","embeddable":true,"href":"https:\/\/demo.cicloturismo.it\/index.php?rest_route=%2Fwp%2Fv2%2Ftags&post=189647"}],"curies":[{"name":"wp","href":"https:\/\/api.w.org\/{rel}","templated":true}]}}