{"id":189688,"date":"2021-11-15T16:07:03","date_gmt":"2021-11-15T14:07:03","guid":{"rendered":"https:\/\/www.cicloturismo.it\/?p=189688"},"modified":"2021-11-15T16:07:03","modified_gmt":"2021-11-15T14:07:03","slug":"nuova-ciclabile-nel-comune-di-rovigo","status":"publish","type":"post","link":"https:\/\/demo.cicloturismo.it\/?p=189688","title":{"rendered":"Nuova ciclabile nel comune di Rovigo ."},"content":{"rendered":"<p><img decoding=\"async\" src=\"data:image\/svg+xml,%3Csvg%20xmlns%3D%27http%3A%2F%2Fwww.w3.org%2F2000%2Fsvg%27%20width%3D%27300%27%20height%3D%27199%27%20viewBox%3D%270%200%20300%20199%27%3E%3Crect%20width%3D%27300%27%20height%3D%27199%27%20fill-opacity%3D%220%22%2F%3E%3C%2Fsvg%3E\" data-orig-src=\"https:\/\/demo.cicloturismo.it\/wp-content\/uploads\/2021\/11\/bicycle-g4135138c9_1280-300x199.jpg\" alt=\"\" width=\"300\" height=\"199\" class=\"lazyload alignnone size-medium wp-image-189689\" \/><\/p>\n<p>La giunta comunale  di  Rovigo ha approvato il progetto  definitivo-esecutivo  della nuova via ciclabile , che sorger\u00e0   tra via Maffei e via della Costituzione. Il progetto di costruzione sar\u00e0 finanziato dal ministero delle Infrastrutture e della mobilit\u00e0 sostenibile, l&#8217;opera avr\u00e0 un costo di circa 140mila euro . Il sindaco della citt\u00e0 ha dichiarato &#8221; la realizzazione di una pista ciclabile riservata su via Gino Piva rappresenta un intervento di sicurezza e sostenibilit\u00e0 ambientale della mobilit\u00e0 ciclistica\u00bb<\/p>\n","protected":false},"excerpt":{"rendered":"<p>La giunta comunale di Rovigo ha approvato il progetto definitivo-esecutivo  [&#8230;]<\/p>\n","protected":false},"author":1,"featured_media":189689,"comment_status":"open","ping_status":"open","sticky":false,"template":"","format":"standard","meta":{"footnotes":""},"categories":[8],"tags":[],"class_list":["post-189688","post","type-post","status-publish","format-standard","has-post-thumbnail","hentry","category-news"],"_links":{"self":[{"href":"https:\/\/demo.cicloturismo.it\/index.php?rest_route=\/wp\/v2\/posts\/189688","targetHints":{"allow":["GET"]}}],"collection":[{"href":"https:\/\/demo.cicloturismo.it\/index.php?rest_route=\/wp\/v2\/posts"}],"about":[{"href":"https:\/\/demo.cicloturismo.it\/index.php?rest_route=\/wp\/v2\/types\/post"}],"author":[{"embeddable":true,"href":"https:\/\/demo.cicloturismo.it\/index.php?rest_route=\/wp\/v2\/users\/1"}],"replies":[{"embeddable":true,"href":"https:\/\/demo.cicloturismo.it\/index.php?rest_route=%2Fwp%2Fv2%2Fcomments&post=189688"}],"version-history":[{"count":0,"href":"https:\/\/demo.cicloturismo.it\/index.php?rest_route=\/wp\/v2\/posts\/189688\/revisions"}],"wp:featuredmedia":[{"embeddable":true,"href":"https:\/\/demo.cicloturismo.it\/index.php?rest_route=\/"}],"wp:attachment":[{"href":"https:\/\/demo.cicloturismo.it\/index.php?rest_route=%2Fwp%2Fv2%2Fmedia&parent=189688"}],"wp:term":[{"taxonomy":"category","embeddable":true,"href":"https:\/\/demo.cicloturismo.it\/index.php?rest_route=%2Fwp%2Fv2%2Fcategories&post=189688"},{"taxonomy":"post_tag","embeddable":true,"href":"https:\/\/demo.cicloturismo.it\/index.php?rest_route=%2Fwp%2Fv2%2Ftags&post=189688"}],"curies":[{"name":"wp","href":"https:\/\/api.w.org\/{rel}","templated":true}]}}