{"id":189825,"date":"2021-11-20T15:49:07","date_gmt":"2021-11-20T13:49:07","guid":{"rendered":"https:\/\/www.cicloturismo.it\/?p=189825"},"modified":"2021-11-20T15:49:07","modified_gmt":"2021-11-20T13:49:07","slug":"nuova-ciclabile-urbana-nella-citta-di-imola","status":"publish","type":"post","link":"https:\/\/demo.cicloturismo.it\/?p=189825","title":{"rendered":"Nuova ciclabile urbana nella citt\u00e0 di Imola ."},"content":{"rendered":"<p><img decoding=\"async\" src=\"data:image\/svg+xml,%3Csvg%20xmlns%3D%27http%3A%2F%2Fwww.w3.org%2F2000%2Fsvg%27%20width%3D%27300%27%20height%3D%27200%27%20viewBox%3D%270%200%20300%20200%27%3E%3Crect%20width%3D%27300%27%20height%3D%27200%27%20fill-opacity%3D%220%22%2F%3E%3C%2Fsvg%3E\" data-orig-src=\"https:\/\/demo.cicloturismo.it\/wp-content\/uploads\/2021\/11\/bike-gcba91c0f4_1280-300x200.jpg\" alt=\"\" width=\"300\" height=\"200\" class=\"lazyload alignnone size-medium wp-image-189826\" \/><br \/>\nLa prossima settimana partiranno ufficializzate i lavori per la  realizzazione del nuovo tratto  ciclabile lungo la via Emilia a Osteria Grande. Secondo il progetto la  nuova via ciclabile sar\u00e0 lunga due chilometri . Avr\u00e0 un costo totale di 950mila euro.  Il vicesindaco della citt\u00e0 ha dichiara &#8221; l&#8217;obiettivo sar\u00e0 quello di realizzare un percorso ciclabili urbano della via Emilia a Osteria Grande, in continuit\u00e0 con la ciclabile di esistente .  <\/p>\n","protected":false},"excerpt":{"rendered":"<p>La prossima settimana partiranno ufficializzate i lavori per la realizzazione  [&#8230;]<\/p>\n","protected":false},"author":1,"featured_media":0,"comment_status":"open","ping_status":"open","sticky":false,"template":"","format":"standard","meta":{"footnotes":""},"categories":[8],"tags":[],"class_list":["post-189825","post","type-post","status-publish","format-standard","hentry","category-news"],"_links":{"self":[{"href":"https:\/\/demo.cicloturismo.it\/index.php?rest_route=\/wp\/v2\/posts\/189825","targetHints":{"allow":["GET"]}}],"collection":[{"href":"https:\/\/demo.cicloturismo.it\/index.php?rest_route=\/wp\/v2\/posts"}],"about":[{"href":"https:\/\/demo.cicloturismo.it\/index.php?rest_route=\/wp\/v2\/types\/post"}],"author":[{"embeddable":true,"href":"https:\/\/demo.cicloturismo.it\/index.php?rest_route=\/wp\/v2\/users\/1"}],"replies":[{"embeddable":true,"href":"https:\/\/demo.cicloturismo.it\/index.php?rest_route=%2Fwp%2Fv2%2Fcomments&post=189825"}],"version-history":[{"count":0,"href":"https:\/\/demo.cicloturismo.it\/index.php?rest_route=\/wp\/v2\/posts\/189825\/revisions"}],"wp:attachment":[{"href":"https:\/\/demo.cicloturismo.it\/index.php?rest_route=%2Fwp%2Fv2%2Fmedia&parent=189825"}],"wp:term":[{"taxonomy":"category","embeddable":true,"href":"https:\/\/demo.cicloturismo.it\/index.php?rest_route=%2Fwp%2Fv2%2Fcategories&post=189825"},{"taxonomy":"post_tag","embeddable":true,"href":"https:\/\/demo.cicloturismo.it\/index.php?rest_route=%2Fwp%2Fv2%2Ftags&post=189825"}],"curies":[{"name":"wp","href":"https:\/\/api.w.org\/{rel}","templated":true}]}}