{"id":189835,"date":"2021-11-21T15:41:26","date_gmt":"2021-11-21T13:41:26","guid":{"rendered":"https:\/\/www.cicloturismo.it\/?p=189835"},"modified":"2021-11-21T15:41:26","modified_gmt":"2021-11-21T13:41:26","slug":"la-ciclabile-che-colleghera-la-cittadina-di-montemurlo-a-montale","status":"publish","type":"post","link":"https:\/\/demo.cicloturismo.it\/?p=189835","title":{"rendered":"La ciclabile  che collegher\u00e0  la cittadina di Montemurlo a Montale."},"content":{"rendered":"<p><img decoding=\"async\" src=\"data:image\/svg+xml,%3Csvg%20xmlns%3D%27http%3A%2F%2Fwww.w3.org%2F2000%2Fsvg%27%20width%3D%27300%27%20height%3D%27199%27%20viewBox%3D%270%200%20300%20199%27%3E%3Crect%20width%3D%27300%27%20height%3D%27199%27%20fill-opacity%3D%220%22%2F%3E%3C%2Fsvg%3E\" data-orig-src=\"https:\/\/demo.cicloturismo.it\/wp-content\/uploads\/2021\/11\/bicycle-g4135138c9_1280-300x199.jpg\" alt=\"\" width=\"300\" height=\"199\" class=\"lazyload alignnone size-medium wp-image-189689\" \/><br \/>\nIn questi giorno sono partiti i lavori per la realizzazioni di una ciclabile tra via Gramsci e i giardini dedicati a don Sergio Domeniconi nell\u2019area verde della Badia. Questo percorso ciclabile unir\u00e0  via Martiri della Libert\u00e0 con la passerella sul torrente Agna tra i Comuni di Montale e Montemurlo.L&#8217;opera avr\u00e0 un costo totale di 50mila euro . <\/p>\n","protected":false},"excerpt":{"rendered":"<p>In questi giorno sono partiti i lavori per la realizzazioni  [&#8230;]<\/p>\n","protected":false},"author":1,"featured_media":189689,"comment_status":"open","ping_status":"open","sticky":false,"template":"","format":"standard","meta":{"footnotes":""},"categories":[8],"tags":[],"class_list":["post-189835","post","type-post","status-publish","format-standard","has-post-thumbnail","hentry","category-news"],"_links":{"self":[{"href":"https:\/\/demo.cicloturismo.it\/index.php?rest_route=\/wp\/v2\/posts\/189835","targetHints":{"allow":["GET"]}}],"collection":[{"href":"https:\/\/demo.cicloturismo.it\/index.php?rest_route=\/wp\/v2\/posts"}],"about":[{"href":"https:\/\/demo.cicloturismo.it\/index.php?rest_route=\/wp\/v2\/types\/post"}],"author":[{"embeddable":true,"href":"https:\/\/demo.cicloturismo.it\/index.php?rest_route=\/wp\/v2\/users\/1"}],"replies":[{"embeddable":true,"href":"https:\/\/demo.cicloturismo.it\/index.php?rest_route=%2Fwp%2Fv2%2Fcomments&post=189835"}],"version-history":[{"count":0,"href":"https:\/\/demo.cicloturismo.it\/index.php?rest_route=\/wp\/v2\/posts\/189835\/revisions"}],"wp:featuredmedia":[{"embeddable":true,"href":"https:\/\/demo.cicloturismo.it\/index.php?rest_route=\/"}],"wp:attachment":[{"href":"https:\/\/demo.cicloturismo.it\/index.php?rest_route=%2Fwp%2Fv2%2Fmedia&parent=189835"}],"wp:term":[{"taxonomy":"category","embeddable":true,"href":"https:\/\/demo.cicloturismo.it\/index.php?rest_route=%2Fwp%2Fv2%2Fcategories&post=189835"},{"taxonomy":"post_tag","embeddable":true,"href":"https:\/\/demo.cicloturismo.it\/index.php?rest_route=%2Fwp%2Fv2%2Ftags&post=189835"}],"curies":[{"name":"wp","href":"https:\/\/api.w.org\/{rel}","templated":true}]}}