{"id":189851,"date":"2021-11-22T15:35:50","date_gmt":"2021-11-22T13:35:50","guid":{"rendered":"https:\/\/www.cicloturismo.it\/?p=189851"},"modified":"2021-11-22T15:35:50","modified_gmt":"2021-11-22T13:35:50","slug":"defibrillatore-sulla-pista-ciclabile-di-san-giorgio","status":"publish","type":"post","link":"https:\/\/demo.cicloturismo.it\/?p=189851","title":{"rendered":"Defibrillatore sulla pista ciclabile di San Giorgio."},"content":{"rendered":"<p><img decoding=\"async\" src=\"data:image\/svg+xml,%3Csvg%20xmlns%3D%27http%3A%2F%2Fwww.w3.org%2F2000%2Fsvg%27%20width%3D%27300%27%20height%3D%27200%27%20viewBox%3D%270%200%20300%20200%27%3E%3Crect%20width%3D%27300%27%20height%3D%27200%27%20fill-opacity%3D%220%22%2F%3E%3C%2Fsvg%3E\" data-orig-src=\"https:\/\/demo.cicloturismo.it\/wp-content\/uploads\/2021\/11\/defibrillator-gb25b18152_1280-300x200.jpg\" alt=\"\" width=\"300\" height=\"200\" class=\"lazyload alignnone size-medium wp-image-189852\" \/><br \/>\nQuest&#8217;oggi sar\u00e0 disponibile un defibrillatore  salva vita per tutti i cittadini che utilizzano  la pista ciclabile Canegrate e Busto Garolfo, sul territorio di San Giorgio sul  Legnano. Il dispositivo salva vita \u00e8 stato donato dall&#8217;associazione  \u201c60.000 vite da salvare\u201d di Mirko Jurinovic. &#8220;Un dono  molto importante per tutta la popolazione del territorio  ha spiegato Walter Cecchin \u2013 perch\u00e9 un Dae pu\u00f2 salvare una vita: una persona capace di utilizzarlo pu\u00f2 aumentare la possibilit\u00e0 di sopravvivere per chi subisce un attacco cardiaco&#8221;. <\/p>\n","protected":false},"excerpt":{"rendered":"<p>Quest&#8217;oggi sar\u00e0 disponibile un defibrillatore salva vita per tutti i  [&#8230;]<\/p>\n","protected":false},"author":1,"featured_media":189852,"comment_status":"open","ping_status":"open","sticky":false,"template":"","format":"standard","meta":{"footnotes":""},"categories":[8],"tags":[],"class_list":["post-189851","post","type-post","status-publish","format-standard","has-post-thumbnail","hentry","category-news"],"_links":{"self":[{"href":"https:\/\/demo.cicloturismo.it\/index.php?rest_route=\/wp\/v2\/posts\/189851","targetHints":{"allow":["GET"]}}],"collection":[{"href":"https:\/\/demo.cicloturismo.it\/index.php?rest_route=\/wp\/v2\/posts"}],"about":[{"href":"https:\/\/demo.cicloturismo.it\/index.php?rest_route=\/wp\/v2\/types\/post"}],"author":[{"embeddable":true,"href":"https:\/\/demo.cicloturismo.it\/index.php?rest_route=\/wp\/v2\/users\/1"}],"replies":[{"embeddable":true,"href":"https:\/\/demo.cicloturismo.it\/index.php?rest_route=%2Fwp%2Fv2%2Fcomments&post=189851"}],"version-history":[{"count":0,"href":"https:\/\/demo.cicloturismo.it\/index.php?rest_route=\/wp\/v2\/posts\/189851\/revisions"}],"wp:featuredmedia":[{"embeddable":true,"href":"https:\/\/demo.cicloturismo.it\/index.php?rest_route=\/"}],"wp:attachment":[{"href":"https:\/\/demo.cicloturismo.it\/index.php?rest_route=%2Fwp%2Fv2%2Fmedia&parent=189851"}],"wp:term":[{"taxonomy":"category","embeddable":true,"href":"https:\/\/demo.cicloturismo.it\/index.php?rest_route=%2Fwp%2Fv2%2Fcategories&post=189851"},{"taxonomy":"post_tag","embeddable":true,"href":"https:\/\/demo.cicloturismo.it\/index.php?rest_route=%2Fwp%2Fv2%2Ftags&post=189851"}],"curies":[{"name":"wp","href":"https:\/\/api.w.org\/{rel}","templated":true}]}}