{"id":189921,"date":"2021-11-23T15:43:29","date_gmt":"2021-11-23T13:43:29","guid":{"rendered":"https:\/\/www.cicloturismo.it\/?p=189921"},"modified":"2021-11-23T15:43:29","modified_gmt":"2021-11-23T13:43:29","slug":"nuova-ciclabile-urbana-nel-comune-di-carpi","status":"publish","type":"post","link":"https:\/\/demo.cicloturismo.it\/?p=189921","title":{"rendered":"Nuova ciclabile urbana nel comune di Carpi ."},"content":{"rendered":"<p><img decoding=\"async\" src=\"data:image\/svg+xml,%3Csvg%20xmlns%3D%27http%3A%2F%2Fwww.w3.org%2F2000%2Fsvg%27%20width%3D%27300%27%20height%3D%27225%27%20viewBox%3D%270%200%20300%20225%27%3E%3Crect%20width%3D%27300%27%20height%3D%27225%27%20fill-opacity%3D%220%22%2F%3E%3C%2Fsvg%3E\" data-orig-src=\"https:\/\/demo.cicloturismo.it\/wp-content\/uploads\/2021\/11\/bike-ga8461e92e_1280-300x225.jpg\" alt=\"\" width=\"300\" height=\"225\" class=\"lazyload alignnone size-medium wp-image-189924\" \/><br \/>\nIl comune di Carpi ha ottenuto dalla regione emilia romagna un maxi finanziamento di  537.000\u20ac , che servir\u00e0 per realizzare una nuova ciclabile urbana . La nuova ciclabile collegher\u00e0 il centro citt\u00e0 di Carpi con la zona industriale Limidi,per poi proseguire fino  al confine con il Comune di Soliera . L&#8217; Assessore alla Mobilit\u00e0: \u00ab Nel programma  abbiamo promesso che questa Giunta avrebbe completato e messo in sicurezza i tragitti in bicicletta casa-lavoro , perci\u00f2 abbiamo inserito nella programmazione degli investimenti una serie di interventi come questo&#8221;.<\/p>\n","protected":false},"excerpt":{"rendered":"<p>Il comune di Carpi ha ottenuto dalla regione emilia romagna  [&#8230;]<\/p>\n","protected":false},"author":1,"featured_media":189924,"comment_status":"open","ping_status":"open","sticky":false,"template":"","format":"standard","meta":{"footnotes":""},"categories":[8],"tags":[],"class_list":["post-189921","post","type-post","status-publish","format-standard","has-post-thumbnail","hentry","category-news"],"_links":{"self":[{"href":"https:\/\/demo.cicloturismo.it\/index.php?rest_route=\/wp\/v2\/posts\/189921","targetHints":{"allow":["GET"]}}],"collection":[{"href":"https:\/\/demo.cicloturismo.it\/index.php?rest_route=\/wp\/v2\/posts"}],"about":[{"href":"https:\/\/demo.cicloturismo.it\/index.php?rest_route=\/wp\/v2\/types\/post"}],"author":[{"embeddable":true,"href":"https:\/\/demo.cicloturismo.it\/index.php?rest_route=\/wp\/v2\/users\/1"}],"replies":[{"embeddable":true,"href":"https:\/\/demo.cicloturismo.it\/index.php?rest_route=%2Fwp%2Fv2%2Fcomments&post=189921"}],"version-history":[{"count":0,"href":"https:\/\/demo.cicloturismo.it\/index.php?rest_route=\/wp\/v2\/posts\/189921\/revisions"}],"wp:featuredmedia":[{"embeddable":true,"href":"https:\/\/demo.cicloturismo.it\/index.php?rest_route=\/"}],"wp:attachment":[{"href":"https:\/\/demo.cicloturismo.it\/index.php?rest_route=%2Fwp%2Fv2%2Fmedia&parent=189921"}],"wp:term":[{"taxonomy":"category","embeddable":true,"href":"https:\/\/demo.cicloturismo.it\/index.php?rest_route=%2Fwp%2Fv2%2Fcategories&post=189921"},{"taxonomy":"post_tag","embeddable":true,"href":"https:\/\/demo.cicloturismo.it\/index.php?rest_route=%2Fwp%2Fv2%2Ftags&post=189921"}],"curies":[{"name":"wp","href":"https:\/\/api.w.org\/{rel}","templated":true}]}}