{"id":189927,"date":"2021-11-23T16:00:02","date_gmt":"2021-11-23T14:00:02","guid":{"rendered":"https:\/\/www.cicloturismo.it\/?p=189927"},"modified":"2021-11-23T16:00:02","modified_gmt":"2021-11-23T14:00:02","slug":"con-la-bicicletta-in-autostrada","status":"publish","type":"post","link":"https:\/\/demo.cicloturismo.it\/?p=189927","title":{"rendered":"Con la bicicletta in autostrada."},"content":{"rendered":"<p><img decoding=\"async\" src=\"data:image\/svg+xml,%3Csvg%20xmlns%3D%27http%3A%2F%2Fwww.w3.org%2F2000%2Fsvg%27%20width%3D%27300%27%20height%3D%27197%27%20viewBox%3D%270%200%20300%20197%27%3E%3Crect%20width%3D%27300%27%20height%3D%27197%27%20fill-opacity%3D%220%22%2F%3E%3C%2Fsvg%3E\" data-orig-src=\"https:\/\/demo.cicloturismo.it\/wp-content\/uploads\/2021\/11\/san-diego-g1cfc1c449_1280-300x197.jpg\" alt=\"\" width=\"300\" height=\"197\" class=\"lazyload alignnone size-medium wp-image-189928\" \/><\/p>\n<p>Nella  giornata di Domenica un automobilista ha notato sulla  Torino-Savona un ciclista sulla carreggiata.<br \/>\n<iframe class=\"lazyload\" src=\"data:image\/svg+xml,%3Csvg%20xmlns%3D%27http%3A%2F%2Fwww.w3.org%2F2000%2Fsvg%27%20width%3D%27560%27%20height%3D%27314%27%20viewBox%3D%270%200%20560%20314%27%3E%3Crect%20width%3D%27560%27%20height%3D%27314%27%20fill-opacity%3D%220%22%2F%3E%3C%2Fsvg%3E\" data-orig-src=\"https:\/\/www.facebook.com\/plugins\/video.php?height=314&#038;href=https%3A%2F%2Fwww.facebook.com%2F1472377499%2Fvideos%2F599576041261098%2F&#038;show_text=false&#038;width=560&#038;t=0\" width=\"560\" height=\"314\" style=\"border:none;overflow:hidden\" scrolling=\"no\" frameborder=\"0\" allowfullscreen=\"true\" allow=\"autoplay; clipboard-write; encrypted-media; picture-in-picture; web-share\" allowFullScreen=\"true\"><\/iframe><\/p>\n<p>Il ciclista stava procedendo contromano sull&#8217;autostrada in direzione Torino, con  una piccola luce di colore rosso montata sul manubrio. L&#8217;automobilista ha deciso di fare segnalazione alla polizia stradale, ma per ora  non si conosce l&#8217;identit\u00e0 del ciclista, n\u00e8 il perch\u00e9 abbia imboccato la Torino-Savona in bicicletta,commettendo cosi una grave infrazione del codice della strada . <\/p>\n","protected":false},"excerpt":{"rendered":"<p>Nella giornata di Domenica un automobilista ha notato sulla Torino-Savona  [&#8230;]<\/p>\n","protected":false},"author":1,"featured_media":189928,"comment_status":"open","ping_status":"open","sticky":false,"template":"","format":"standard","meta":{"footnotes":""},"categories":[8],"tags":[],"class_list":["post-189927","post","type-post","status-publish","format-standard","has-post-thumbnail","hentry","category-news"],"_links":{"self":[{"href":"https:\/\/demo.cicloturismo.it\/index.php?rest_route=\/wp\/v2\/posts\/189927","targetHints":{"allow":["GET"]}}],"collection":[{"href":"https:\/\/demo.cicloturismo.it\/index.php?rest_route=\/wp\/v2\/posts"}],"about":[{"href":"https:\/\/demo.cicloturismo.it\/index.php?rest_route=\/wp\/v2\/types\/post"}],"author":[{"embeddable":true,"href":"https:\/\/demo.cicloturismo.it\/index.php?rest_route=\/wp\/v2\/users\/1"}],"replies":[{"embeddable":true,"href":"https:\/\/demo.cicloturismo.it\/index.php?rest_route=%2Fwp%2Fv2%2Fcomments&post=189927"}],"version-history":[{"count":0,"href":"https:\/\/demo.cicloturismo.it\/index.php?rest_route=\/wp\/v2\/posts\/189927\/revisions"}],"wp:featuredmedia":[{"embeddable":true,"href":"https:\/\/demo.cicloturismo.it\/index.php?rest_route=\/"}],"wp:attachment":[{"href":"https:\/\/demo.cicloturismo.it\/index.php?rest_route=%2Fwp%2Fv2%2Fmedia&parent=189927"}],"wp:term":[{"taxonomy":"category","embeddable":true,"href":"https:\/\/demo.cicloturismo.it\/index.php?rest_route=%2Fwp%2Fv2%2Fcategories&post=189927"},{"taxonomy":"post_tag","embeddable":true,"href":"https:\/\/demo.cicloturismo.it\/index.php?rest_route=%2Fwp%2Fv2%2Ftags&post=189927"}],"curies":[{"name":"wp","href":"https:\/\/api.w.org\/{rel}","templated":true}]}}