{"id":189958,"date":"2021-11-25T16:30:52","date_gmt":"2021-11-25T14:30:52","guid":{"rendered":"https:\/\/www.cicloturismo.it\/?p=189958"},"modified":"2021-11-25T16:30:52","modified_gmt":"2021-11-25T14:30:52","slug":"giovane-ciclista-affetto-da-un-grave-problema-cardiaco-dopo-il-vaccino","status":"publish","type":"post","link":"https:\/\/demo.cicloturismo.it\/?p=189958","title":{"rendered":"Giovane ciclista  affetto da un grave problema cardiaco  dopo il vaccino ."},"content":{"rendered":"<p><a href=\"https:\/\/demo.cicloturismo.it\/latisana-scontro-tra-unauto-e-una-bicicletta-grave-il-ciclista\/bicycle-path-830216_1280-1-3\/\" rel=\"attachment wp-att-221432\"><img decoding=\"async\" src=\"data:image\/svg+xml,%3Csvg%20xmlns%3D%27http%3A%2F%2Fwww.w3.org%2F2000%2Fsvg%27%20width%3D%27300%27%20height%3D%27200%27%20viewBox%3D%270%200%20300%20200%27%3E%3Crect%20width%3D%27300%27%20height%3D%27200%27%20fill-opacity%3D%220%22%2F%3E%3C%2Fsvg%3E\" data-orig-src=\"https:\/\/demo.cicloturismo.it\/wp-content\/uploads\/2023\/11\/bicycle-path-830216_1280-1-300x200.jpg\" alt=\"\" width=\"300\" height=\"200\" class=\"lazyload alignnone size-medium wp-image-221432\" \/><\/a><br \/>\nIl ciclista Greg Luyssen,22 anni, \u00e8 stato costretto a terminare la sua carriera ciclistica a causa di un grave problema cardiaco causato dal vaccino COVID-19.Il ciclista belga , si \u00e8 sentito male durante una gara professionistica . Dopo il malore improvviso il ciclista \u00e8 stato trasportato d&#8217;urgenza in ospedale. Secondo i medici il malore improvviso del corridore potrebbe essere stato causato dalla secondo dose del vaccino.<\/p>\n<p>\u201cEro nel gruppo degli inseguitori durante la Kortemark Race quando improvvisamente mi sono sentito male. Ho sentito un\u2019enorme pressione al petto ed \u00e8 stato cos\u00ec grave che ho dovuto lasciare la gara. Sono stato portato in ospedale e mi \u00e8 stata diagnosticata un\u2019insufficienza cardiaca. Ho gi\u00e0 avuto la febbre diverse volte senza una ragione apparente dopo il mio secondo vaccino contro il COVID-19, ma non avevo mai pensato alla relazione casuale. Ulteriori test hanno ora dimostrato che il mio muscolo cardiaco \u00e8 interessato e che il mio corpo reagisce male all\u2019attivit\u00e0 intensiva\u201d.<br \/>\n<iframe class=\"lazyload\" style=\"border: none; overflow: hidden;\" src=\"data:image\/svg+xml,%3Csvg%20xmlns%3D%27http%3A%2F%2Fwww.w3.org%2F2000%2Fsvg%27%20width%3D%27500%27%20height%3D%27722%27%20viewBox%3D%270%200%20500%20722%27%3E%3Crect%20width%3D%27500%27%20height%3D%27722%27%20fill-opacity%3D%220%22%2F%3E%3C%2Fsvg%3E\" data-orig-src=\"https:\/\/www.facebook.com\/plugins\/post.php?href=https%3A%2F%2Fwww.facebook.com%2Fgreg.luyssen.77%2Fposts%2F3227970407437124&amp;show_text=true&amp;width=500\" width=\"500\" height=\"722\" frameborder=\"0\" scrolling=\"no\" allowfullscreen=\"allowfullscreen\"><\/iframe><br \/>\n\u201cIl mio corpo ha bisogno di tempo per riprendersi. Il mio cuore funziona solo per il 75% e ogni giorno sento una pressione al petto, che porta sempre anche a forti mal di testa. Se salgo anche solo le scale, lo sento gi\u00e0. Puoi immaginare com\u2019\u00e8 quando provo a fare esercizio. Adesso devo prendermela comoda e fare i controlli ogni sei mesi\u201d.<\/p>\n<p>Fonte della notizia:<a href=\"https:\/\/kw.be\/sport\/wielrennen\/wielerbelofte-greg-luyssen-22-uit-de-panne-over-gedwongen-afscheid-door-hartprobleem-dat-akelig-gevoel-wil-ik-nooit-meer\/?fbclid=IwAR2MC5RYn3fsdqZ-99TlKrLxIBWfm6Q-aQGhX1-drwOBS0IzOlXfVG9w2Mc\">Kw.be Sport <\/a> <a href=\"https:\/\/nomoresilence.world\/pfizer-biontech\/greg-luyssen-pfizer-severe-adverse-reaction\/\">Nomoresilence.world<\/a><\/p>\n","protected":false},"excerpt":{"rendered":"<p>Il ciclista Greg Luyssen,22 anni, \u00e8 stato costretto a terminare  [&#8230;]<\/p>\n","protected":false},"author":1,"featured_media":221556,"comment_status":"open","ping_status":"open","sticky":false,"template":"","format":"standard","meta":{"footnotes":""},"categories":[8],"tags":[],"class_list":["post-189958","post","type-post","status-publish","format-standard","has-post-thumbnail","hentry","category-news"],"_links":{"self":[{"href":"https:\/\/demo.cicloturismo.it\/index.php?rest_route=\/wp\/v2\/posts\/189958","targetHints":{"allow":["GET"]}}],"collection":[{"href":"https:\/\/demo.cicloturismo.it\/index.php?rest_route=\/wp\/v2\/posts"}],"about":[{"href":"https:\/\/demo.cicloturismo.it\/index.php?rest_route=\/wp\/v2\/types\/post"}],"author":[{"embeddable":true,"href":"https:\/\/demo.cicloturismo.it\/index.php?rest_route=\/wp\/v2\/users\/1"}],"replies":[{"embeddable":true,"href":"https:\/\/demo.cicloturismo.it\/index.php?rest_route=%2Fwp%2Fv2%2Fcomments&post=189958"}],"version-history":[{"count":0,"href":"https:\/\/demo.cicloturismo.it\/index.php?rest_route=\/wp\/v2\/posts\/189958\/revisions"}],"wp:featuredmedia":[{"embeddable":true,"href":"https:\/\/demo.cicloturismo.it\/index.php?rest_route=\/"}],"wp:attachment":[{"href":"https:\/\/demo.cicloturismo.it\/index.php?rest_route=%2Fwp%2Fv2%2Fmedia&parent=189958"}],"wp:term":[{"taxonomy":"category","embeddable":true,"href":"https:\/\/demo.cicloturismo.it\/index.php?rest_route=%2Fwp%2Fv2%2Fcategories&post=189958"},{"taxonomy":"post_tag","embeddable":true,"href":"https:\/\/demo.cicloturismo.it\/index.php?rest_route=%2Fwp%2Fv2%2Ftags&post=189958"}],"curies":[{"name":"wp","href":"https:\/\/api.w.org\/{rel}","templated":true}]}}