{"id":190023,"date":"2021-11-28T15:56:34","date_gmt":"2021-11-28T13:56:34","guid":{"rendered":"https:\/\/www.cicloturismo.it\/?p=190023"},"modified":"2021-11-28T15:56:34","modified_gmt":"2021-11-28T13:56:34","slug":"nuova-ciclabile-nel-comune-di-borno","status":"publish","type":"post","link":"https:\/\/demo.cicloturismo.it\/?p=190023","title":{"rendered":"Nuova ciclabile nel comune di Borno ."},"content":{"rendered":"<p><img decoding=\"async\" src=\"data:image\/svg+xml,%3Csvg%20xmlns%3D%27http%3A%2F%2Fwww.w3.org%2F2000%2Fsvg%27%20width%3D%27300%27%20height%3D%27169%27%20viewBox%3D%270%200%20300%20169%27%3E%3Crect%20width%3D%27300%27%20height%3D%27169%27%20fill-opacity%3D%220%22%2F%3E%3C%2Fsvg%3E\" data-orig-src=\"https:\/\/demo.cicloturismo.it\/wp-content\/uploads\/2021\/11\/river-gcc57c4e28_1280-300x169.jpg\" alt=\"\" width=\"300\" height=\"169\" class=\"lazyload alignnone size-medium wp-image-190025\" \/><br \/>\nIeri pomeriggio \u00e8 stata inaugurata   la nuova ciclabile  lungo via Funivia a Borno. La nuova via ciclabile \u00e8 costata 940mila euro, far\u00e0 parte di un progetto molto  ambizioso, che punta a realizzare un collegamento ciclabile dagli impianti sciistici  di risalita sino al centro citt\u00e0.Il sindaco della cittadina ha dichiarata &#8220;Il futuro sull\u2019Altopiano sar\u00e0 sempre pi\u00f9 green , questa nuova ciclabile<br \/>\n va incontro alle esigenze di chi sceglie questa zona per passeggiare o andare in bici e si affianca allo sviluppo dell\u2019intera area, dove ci sono impianti sciistici , alberghi, campeggio, area camper e attrazioni turistiche\u00bb<\/p>\n","protected":false},"excerpt":{"rendered":"<p>Ieri pomeriggio \u00e8 stata inaugurata la nuova ciclabile lungo via  [&#8230;]<\/p>\n","protected":false},"author":1,"featured_media":190025,"comment_status":"open","ping_status":"open","sticky":false,"template":"","format":"standard","meta":{"footnotes":""},"categories":[8],"tags":[],"class_list":["post-190023","post","type-post","status-publish","format-standard","has-post-thumbnail","hentry","category-news"],"_links":{"self":[{"href":"https:\/\/demo.cicloturismo.it\/index.php?rest_route=\/wp\/v2\/posts\/190023","targetHints":{"allow":["GET"]}}],"collection":[{"href":"https:\/\/demo.cicloturismo.it\/index.php?rest_route=\/wp\/v2\/posts"}],"about":[{"href":"https:\/\/demo.cicloturismo.it\/index.php?rest_route=\/wp\/v2\/types\/post"}],"author":[{"embeddable":true,"href":"https:\/\/demo.cicloturismo.it\/index.php?rest_route=\/wp\/v2\/users\/1"}],"replies":[{"embeddable":true,"href":"https:\/\/demo.cicloturismo.it\/index.php?rest_route=%2Fwp%2Fv2%2Fcomments&post=190023"}],"version-history":[{"count":0,"href":"https:\/\/demo.cicloturismo.it\/index.php?rest_route=\/wp\/v2\/posts\/190023\/revisions"}],"wp:featuredmedia":[{"embeddable":true,"href":"https:\/\/demo.cicloturismo.it\/index.php?rest_route=\/"}],"wp:attachment":[{"href":"https:\/\/demo.cicloturismo.it\/index.php?rest_route=%2Fwp%2Fv2%2Fmedia&parent=190023"}],"wp:term":[{"taxonomy":"category","embeddable":true,"href":"https:\/\/demo.cicloturismo.it\/index.php?rest_route=%2Fwp%2Fv2%2Fcategories&post=190023"},{"taxonomy":"post_tag","embeddable":true,"href":"https:\/\/demo.cicloturismo.it\/index.php?rest_route=%2Fwp%2Fv2%2Ftags&post=190023"}],"curies":[{"name":"wp","href":"https:\/\/api.w.org\/{rel}","templated":true}]}}