{"id":190040,"date":"2021-11-29T15:47:47","date_gmt":"2021-11-29T13:47:47","guid":{"rendered":"https:\/\/www.cicloturismo.it\/?p=190040"},"modified":"2021-11-29T15:47:47","modified_gmt":"2021-11-29T13:47:47","slug":"nuova-ciclabile-nel-comune-di-turriaco","status":"publish","type":"post","link":"https:\/\/demo.cicloturismo.it\/?p=190040","title":{"rendered":"Nuova ciclabile nel comune di Turriaco."},"content":{"rendered":"<p><img decoding=\"async\" src=\"data:image\/svg+xml,%3Csvg%20xmlns%3D%27http%3A%2F%2Fwww.w3.org%2F2000%2Fsvg%27%20width%3D%27300%27%20height%3D%27199%27%20viewBox%3D%270%200%20300%20199%27%3E%3Crect%20width%3D%27300%27%20height%3D%27199%27%20fill-opacity%3D%220%22%2F%3E%3C%2Fsvg%3E\" data-orig-src=\"https:\/\/demo.cicloturismo.it\/wp-content\/uploads\/2021\/11\/bike-lanes-gb797cfa55_1280-300x199.jpg\" alt=\"\" width=\"300\" height=\"199\" class=\"lazyload alignnone size-medium wp-image-190041\" \/><\/p>\n<p>Quest&#8217;oggi nella cittadina di  Turriaco \u00e8 stata intitolata a Mia Martini , la nuova ciclabile di via Diaz che consente di raggiungere in totale sicurezzala zona   artigianale della citt\u00e0. Nella zona sono gi\u00e0 ben  quattro le ciclabili dedicati ai cantanti italiani :Giorgio Gaber, Luigi Tenco, Fabrizio De Andr\u00e8 e Mia Martini .    <\/p>\n","protected":false},"excerpt":{"rendered":"<p>Quest&#8217;oggi nella cittadina di Turriaco \u00e8 stata intitolata a Mia  [&#8230;]<\/p>\n","protected":false},"author":1,"featured_media":190041,"comment_status":"open","ping_status":"open","sticky":false,"template":"","format":"standard","meta":{"footnotes":""},"categories":[8],"tags":[],"class_list":["post-190040","post","type-post","status-publish","format-standard","has-post-thumbnail","hentry","category-news"],"_links":{"self":[{"href":"https:\/\/demo.cicloturismo.it\/index.php?rest_route=\/wp\/v2\/posts\/190040","targetHints":{"allow":["GET"]}}],"collection":[{"href":"https:\/\/demo.cicloturismo.it\/index.php?rest_route=\/wp\/v2\/posts"}],"about":[{"href":"https:\/\/demo.cicloturismo.it\/index.php?rest_route=\/wp\/v2\/types\/post"}],"author":[{"embeddable":true,"href":"https:\/\/demo.cicloturismo.it\/index.php?rest_route=\/wp\/v2\/users\/1"}],"replies":[{"embeddable":true,"href":"https:\/\/demo.cicloturismo.it\/index.php?rest_route=%2Fwp%2Fv2%2Fcomments&post=190040"}],"version-history":[{"count":0,"href":"https:\/\/demo.cicloturismo.it\/index.php?rest_route=\/wp\/v2\/posts\/190040\/revisions"}],"wp:featuredmedia":[{"embeddable":true,"href":"https:\/\/demo.cicloturismo.it\/index.php?rest_route=\/"}],"wp:attachment":[{"href":"https:\/\/demo.cicloturismo.it\/index.php?rest_route=%2Fwp%2Fv2%2Fmedia&parent=190040"}],"wp:term":[{"taxonomy":"category","embeddable":true,"href":"https:\/\/demo.cicloturismo.it\/index.php?rest_route=%2Fwp%2Fv2%2Fcategories&post=190040"},{"taxonomy":"post_tag","embeddable":true,"href":"https:\/\/demo.cicloturismo.it\/index.php?rest_route=%2Fwp%2Fv2%2Ftags&post=190040"}],"curies":[{"name":"wp","href":"https:\/\/api.w.org\/{rel}","templated":true}]}}