{"id":190087,"date":"2021-12-01T15:49:26","date_gmt":"2021-12-01T13:49:26","guid":{"rendered":"https:\/\/www.cicloturismo.it\/?p=190087"},"modified":"2021-12-01T15:49:26","modified_gmt":"2021-12-01T13:49:26","slug":"pedala-anche-tu-con-i-guanti-vengono-premiati-i-ciclisti-che-si-muovo-in-bici-anche-a-basse-temperature","status":"publish","type":"post","link":"https:\/\/demo.cicloturismo.it\/?p=190087","title":{"rendered":"&#8220;Pedala anche tu con i guanti&#8221; Vengono premiati i ciclisti che si muovo in bici anche a basse temperature."},"content":{"rendered":"<p><img decoding=\"async\" src=\"data:image\/svg+xml,%3Csvg%20xmlns%3D%27http%3A%2F%2Fwww.w3.org%2F2000%2Fsvg%27%20width%3D%27300%27%20height%3D%27200%27%20viewBox%3D%270%200%20300%20200%27%3E%3Crect%20width%3D%27300%27%20height%3D%27200%27%20fill-opacity%3D%220%22%2F%3E%3C%2Fsvg%3E\" data-orig-src=\"https:\/\/demo.cicloturismo.it\/wp-content\/uploads\/2021\/11\/cyclist-g818bc9579_1280-300x200.jpg\" alt=\"\" width=\"300\" height=\"200\" class=\"lazyload alignnone size-medium wp-image-190006\" \/><br \/>\n&#8220;Pedala anche tu con i guanti!\u201d\u00e8 una manifestazione che si svolge tra il 1\u00b0 dicembre 2021 e il 31 gennaio 2022 nell\u2019ambito  \u201cL\u2019Alto Adige pedala\u201d.&#8221;Anche in inverno non ci sono giustificazioni per non usare la bici, sempre che il tempo e le condizioni stradali lo permettano\u201d, ne \u00e8 convinto l&#8217;assessore provinciale alla mobilit\u00e0, Daniel Alfreider. Questa iniziativa  \u00e8 un ulteriore incentivo a vestirsi caldi ed a usare la bicicletta negli spostamenti  quotidiani ogni giorno come andare a fare la spesa.Chi vorr\u00e0 partecipare si potr\u00e0 iscrivere sul sito web   www.altoadigepedala.bz.it, Chi \u00e8 gi\u00e0 iscritto alla manifestazione  \u201cL\u2019Alto Adige pedala\u201d pu\u00f2 inserire i chilometri percorsi tra il 1\u00b0 dicembre 2021 e il 31 gennaio 2022  sul sito web.<\/p>\n","protected":false},"excerpt":{"rendered":"<p>&#8220;Pedala anche tu con i guanti!\u201d\u00e8 una manifestazione che si  [&#8230;]<\/p>\n","protected":false},"author":1,"featured_media":190006,"comment_status":"open","ping_status":"open","sticky":false,"template":"","format":"standard","meta":{"footnotes":""},"categories":[8],"tags":[],"class_list":["post-190087","post","type-post","status-publish","format-standard","has-post-thumbnail","hentry","category-news"],"_links":{"self":[{"href":"https:\/\/demo.cicloturismo.it\/index.php?rest_route=\/wp\/v2\/posts\/190087","targetHints":{"allow":["GET"]}}],"collection":[{"href":"https:\/\/demo.cicloturismo.it\/index.php?rest_route=\/wp\/v2\/posts"}],"about":[{"href":"https:\/\/demo.cicloturismo.it\/index.php?rest_route=\/wp\/v2\/types\/post"}],"author":[{"embeddable":true,"href":"https:\/\/demo.cicloturismo.it\/index.php?rest_route=\/wp\/v2\/users\/1"}],"replies":[{"embeddable":true,"href":"https:\/\/demo.cicloturismo.it\/index.php?rest_route=%2Fwp%2Fv2%2Fcomments&post=190087"}],"version-history":[{"count":0,"href":"https:\/\/demo.cicloturismo.it\/index.php?rest_route=\/wp\/v2\/posts\/190087\/revisions"}],"wp:featuredmedia":[{"embeddable":true,"href":"https:\/\/demo.cicloturismo.it\/index.php?rest_route=\/"}],"wp:attachment":[{"href":"https:\/\/demo.cicloturismo.it\/index.php?rest_route=%2Fwp%2Fv2%2Fmedia&parent=190087"}],"wp:term":[{"taxonomy":"category","embeddable":true,"href":"https:\/\/demo.cicloturismo.it\/index.php?rest_route=%2Fwp%2Fv2%2Fcategories&post=190087"},{"taxonomy":"post_tag","embeddable":true,"href":"https:\/\/demo.cicloturismo.it\/index.php?rest_route=%2Fwp%2Fv2%2Ftags&post=190087"}],"curies":[{"name":"wp","href":"https:\/\/api.w.org\/{rel}","templated":true}]}}