{"id":190124,"date":"2021-12-03T11:58:01","date_gmt":"2021-12-03T09:58:01","guid":{"rendered":"https:\/\/www.cicloturismo.it\/?p=190124"},"modified":"2021-12-03T11:58:01","modified_gmt":"2021-12-03T09:58:01","slug":"salita-di-capriglia-granfondo-della-versilia-2022","status":"publish","type":"post","link":"https:\/\/demo.cicloturismo.it\/?p=190124","title":{"rendered":"Salita di Capriglia Granfondo della Versilia 2022"},"content":{"rendered":"<p>Si tratta della prima salita che i partecipanti alla Grandofo della Versilia, l\u20198 Maggio 2022, incontreranno e che sar\u00e0 affrontata sia dagli atleti del Marathon che da quelli del Classic.<br \/>\nSi tratter\u00e0 di una salita molto bella ma che abbiamo deciso di non trasformarla in una cronoscalata perch\u00e9 troppo vicino alla partenza e quindi ci sarebbe stato il rischio concreto di create un pericoloso imbuto di partecipanti.<br \/>\nSono 5 Km di salita vera, con tornanti impegnativi da cui ammirare il panorama mozzafiato sul mare della Versilia.<br \/>\nAl km 17 ci sar\u00e0 il Gran Premio della Montagna dove sar\u00e0 effettuato un primo controllo intermedio dei chip e da dove comincer\u00e0 la discesa per Capezzano Monte.<br \/>\nLa particolarit\u00e0 del tracciato far\u00e0 si che questa discesa sar\u00e0 anche l\u2019ultima salita che affronteranno gli atleti del Marathon.<\/p>\n<p>https:\/\/youtu.be\/1saf8gji8W4<\/p>\n<p>&nbsp;<\/p>\n","protected":false},"excerpt":{"rendered":"<p>Si tratta della prima salita che i partecipanti alla Grandofo  [&#8230;]<\/p>\n","protected":false},"author":1,"featured_media":190126,"comment_status":"open","ping_status":"open","sticky":false,"template":"","format":"standard","meta":{"footnotes":""},"categories":[8],"tags":[],"class_list":["post-190124","post","type-post","status-publish","format-standard","has-post-thumbnail","hentry","category-news"],"_links":{"self":[{"href":"https:\/\/demo.cicloturismo.it\/index.php?rest_route=\/wp\/v2\/posts\/190124","targetHints":{"allow":["GET"]}}],"collection":[{"href":"https:\/\/demo.cicloturismo.it\/index.php?rest_route=\/wp\/v2\/posts"}],"about":[{"href":"https:\/\/demo.cicloturismo.it\/index.php?rest_route=\/wp\/v2\/types\/post"}],"author":[{"embeddable":true,"href":"https:\/\/demo.cicloturismo.it\/index.php?rest_route=\/wp\/v2\/users\/1"}],"replies":[{"embeddable":true,"href":"https:\/\/demo.cicloturismo.it\/index.php?rest_route=%2Fwp%2Fv2%2Fcomments&post=190124"}],"version-history":[{"count":0,"href":"https:\/\/demo.cicloturismo.it\/index.php?rest_route=\/wp\/v2\/posts\/190124\/revisions"}],"wp:featuredmedia":[{"embeddable":true,"href":"https:\/\/demo.cicloturismo.it\/index.php?rest_route=\/"}],"wp:attachment":[{"href":"https:\/\/demo.cicloturismo.it\/index.php?rest_route=%2Fwp%2Fv2%2Fmedia&parent=190124"}],"wp:term":[{"taxonomy":"category","embeddable":true,"href":"https:\/\/demo.cicloturismo.it\/index.php?rest_route=%2Fwp%2Fv2%2Fcategories&post=190124"},{"taxonomy":"post_tag","embeddable":true,"href":"https:\/\/demo.cicloturismo.it\/index.php?rest_route=%2Fwp%2Fv2%2Ftags&post=190124"}],"curies":[{"name":"wp","href":"https:\/\/api.w.org\/{rel}","templated":true}]}}