{"id":190136,"date":"2021-12-05T11:59:43","date_gmt":"2021-12-05T09:59:43","guid":{"rendered":"https:\/\/www.cicloturismo.it\/?p=190136"},"modified":"2021-12-05T11:59:43","modified_gmt":"2021-12-05T09:59:43","slug":"cronoscalata-del-pedona-granfondo-della-versilia-2022","status":"publish","type":"post","link":"https:\/\/demo.cicloturismo.it\/?p=190136","title":{"rendered":"Cronoscalata del Pedona Granfondo della Versilia 2022"},"content":{"rendered":"<p>La prima cronoscalata della Granfondo della Versilia sar\u00e0 la salita di Pedona che sar\u00e0 affrontata sia dagli atleti del Marathon che da quelli del Classic.<br \/>\nLa salita \u00e8 lunga, saranno infatti 4,5Km, molto bella ed intensa, con la particolarit\u00e0 per\u00f2 di avere dei tratti che consentono di rifiatare un po\u2019. Vi segnaliamo per\u00f2 che pi\u00f9 della met\u00e0 della crono sar\u00e0 sotto il caldo sole di Maggio e addirittura gli ultimi metri avrete il sole dritto in fronte!<br \/>\nGiunti alla sommit\u00e0 troverete il ristoro in modo da scaricare la tensione agonistica e recuperare un po\u2019 di energie. Sar\u00e0 particolarmente utile, specie dopo che avrete affrontato i 3 tornanti dopo il 38km\u2026 saranno dei veti spezza gambe, quindi troverete sicuramente il ristoro quanto mai piacevole.<br \/>\nDa qua si proceder\u00e0 verso Massarosa con un tratto in pianura.<\/p>\n<p>https:\/\/youtu.be\/QgfvsZa9V3g<\/p>\n<p>&nbsp;<\/p>\n<p>&nbsp;<\/p>\n","protected":false},"excerpt":{"rendered":"<p>La prima cronoscalata della Granfondo della Versilia sar\u00e0 la salita  [&#8230;]<\/p>\n","protected":false},"author":1,"featured_media":190127,"comment_status":"open","ping_status":"open","sticky":false,"template":"","format":"standard","meta":{"footnotes":""},"categories":[8],"tags":[],"class_list":["post-190136","post","type-post","status-publish","format-standard","has-post-thumbnail","hentry","category-news"],"_links":{"self":[{"href":"https:\/\/demo.cicloturismo.it\/index.php?rest_route=\/wp\/v2\/posts\/190136","targetHints":{"allow":["GET"]}}],"collection":[{"href":"https:\/\/demo.cicloturismo.it\/index.php?rest_route=\/wp\/v2\/posts"}],"about":[{"href":"https:\/\/demo.cicloturismo.it\/index.php?rest_route=\/wp\/v2\/types\/post"}],"author":[{"embeddable":true,"href":"https:\/\/demo.cicloturismo.it\/index.php?rest_route=\/wp\/v2\/users\/1"}],"replies":[{"embeddable":true,"href":"https:\/\/demo.cicloturismo.it\/index.php?rest_route=%2Fwp%2Fv2%2Fcomments&post=190136"}],"version-history":[{"count":0,"href":"https:\/\/demo.cicloturismo.it\/index.php?rest_route=\/wp\/v2\/posts\/190136\/revisions"}],"wp:featuredmedia":[{"embeddable":true,"href":"https:\/\/demo.cicloturismo.it\/index.php?rest_route=\/"}],"wp:attachment":[{"href":"https:\/\/demo.cicloturismo.it\/index.php?rest_route=%2Fwp%2Fv2%2Fmedia&parent=190136"}],"wp:term":[{"taxonomy":"category","embeddable":true,"href":"https:\/\/demo.cicloturismo.it\/index.php?rest_route=%2Fwp%2Fv2%2Fcategories&post=190136"},{"taxonomy":"post_tag","embeddable":true,"href":"https:\/\/demo.cicloturismo.it\/index.php?rest_route=%2Fwp%2Fv2%2Ftags&post=190136"}],"curies":[{"name":"wp","href":"https:\/\/api.w.org\/{rel}","templated":true}]}}