{"id":190138,"date":"2021-12-06T12:01:23","date_gmt":"2021-12-06T10:01:23","guid":{"rendered":"https:\/\/www.cicloturismo.it\/?p=190138"},"modified":"2021-12-06T12:01:23","modified_gmt":"2021-12-06T10:01:23","slug":"salita-di-stiava-monte-pitoro-granfondo-della-versilia-2022","status":"publish","type":"post","link":"https:\/\/demo.cicloturismo.it\/?p=190138","title":{"rendered":"Salita di Stiava Monte Pitoro Granfondo della Versilia 2022"},"content":{"rendered":"<p>Dopo aver velocemente sfiorato Massarosa, tutti gli atleti si cimenteranno con altre due salite, una dopo l\u2019altra, senza possibilit\u00e0 di rifiatare. Si tratter\u00e0 delle salite di Stiava e del Monte Pitoro.<\/p>\n<p>Affronteremo quindi una bella salita, lunga 3600 metri e con 230 metri di dislivello. La particolarit\u00e0 di questa parte del tracciato sar\u00e0 che subito dopo il Monte Pitoro dove troveremo il bivio che separer\u00e0 il percorso Marathon dal Classic. Qua, al bivio della Freddana, troveremo un ristoro e subito dopo gli atleti del Classic torneranno verso il Montemagno fino a Camaiore (cambiando quindi completamente strada rispetto a quelle fatte fino ad ora, e passando da localit\u00e0 ponte di Sasso si dirigeranno verso la Cittadella del Carnevale e l\u2019arrivo a Viareggio), mentre gli atleti del Marathon proseguiranno in direzione di San Martino in Freddana.<\/p>\n<p>https:\/\/youtu.be\/B_Hyyha_pbA<\/p>\n<p>&nbsp;<\/p>\n","protected":false},"excerpt":{"rendered":"<p>Dopo aver velocemente sfiorato Massarosa, tutti gli atleti si cimenteranno  [&#8230;]<\/p>\n","protected":false},"author":1,"featured_media":190128,"comment_status":"open","ping_status":"open","sticky":false,"template":"","format":"standard","meta":{"footnotes":""},"categories":[8],"tags":[],"class_list":["post-190138","post","type-post","status-publish","format-standard","has-post-thumbnail","hentry","category-news"],"_links":{"self":[{"href":"https:\/\/demo.cicloturismo.it\/index.php?rest_route=\/wp\/v2\/posts\/190138","targetHints":{"allow":["GET"]}}],"collection":[{"href":"https:\/\/demo.cicloturismo.it\/index.php?rest_route=\/wp\/v2\/posts"}],"about":[{"href":"https:\/\/demo.cicloturismo.it\/index.php?rest_route=\/wp\/v2\/types\/post"}],"author":[{"embeddable":true,"href":"https:\/\/demo.cicloturismo.it\/index.php?rest_route=\/wp\/v2\/users\/1"}],"replies":[{"embeddable":true,"href":"https:\/\/demo.cicloturismo.it\/index.php?rest_route=%2Fwp%2Fv2%2Fcomments&post=190138"}],"version-history":[{"count":0,"href":"https:\/\/demo.cicloturismo.it\/index.php?rest_route=\/wp\/v2\/posts\/190138\/revisions"}],"wp:featuredmedia":[{"embeddable":true,"href":"https:\/\/demo.cicloturismo.it\/index.php?rest_route=\/"}],"wp:attachment":[{"href":"https:\/\/demo.cicloturismo.it\/index.php?rest_route=%2Fwp%2Fv2%2Fmedia&parent=190138"}],"wp:term":[{"taxonomy":"category","embeddable":true,"href":"https:\/\/demo.cicloturismo.it\/index.php?rest_route=%2Fwp%2Fv2%2Fcategories&post=190138"},{"taxonomy":"post_tag","embeddable":true,"href":"https:\/\/demo.cicloturismo.it\/index.php?rest_route=%2Fwp%2Fv2%2Ftags&post=190138"}],"curies":[{"name":"wp","href":"https:\/\/api.w.org\/{rel}","templated":true}]}}