{"id":190145,"date":"2021-12-09T12:05:21","date_gmt":"2021-12-09T10:05:21","guid":{"rendered":"https:\/\/www.cicloturismo.it\/?p=190145"},"modified":"2021-12-09T12:05:21","modified_gmt":"2021-12-09T10:05:21","slug":"cronoscalata-di-montebello-granfondo-della-versilia-2022","status":"publish","type":"post","link":"https:\/\/demo.cicloturismo.it\/?p=190145","title":{"rendered":"Cronoscalata di Montebello Granfondo della Versilia 2022"},"content":{"rendered":"<p>La salita del Montebello sar\u00e0 anche la 4\u00b0 cronoscalata della Granfondo della Versilia edizione 2022 e sar\u00e0 riservata agli atleti del percorso Marathon.<\/p>\n<p>Questa crono sar\u00e0 davvero spettacolare e sar\u00e0 tutta sotto il caldo sole di Maggio ma almeno troverete un asfalto nuovo che vi aiuter\u00e0 non poco!<\/p>\n<p>3900 metri totali con un dislivello di 250 metri che termineranno (come per tutte le altre cronoscaltate) con un ristoro. Questo si trover\u00e0 a 2km e 600 metri dal bivio per Sant\u2019Anna di Stazzema, localit\u00e0 tragicamente nota in tutto il mondo<\/p>\n<p>Terminata questa 4\u00b0 cronoscalata procederemo verso Capezzano Pianore, la discesa dei Monteggiori, un tratto della via Sarzanese fino all\u2019ultima salita della GF Versilia 2022, quella di Capezzano Monte.<\/p>\n<p>https:\/\/youtu.be\/eUbwUHVJt_I<\/p>\n<p>&nbsp;<\/p>\n","protected":false},"excerpt":{"rendered":"<p>La salita del Montebello sar\u00e0 anche la 4\u00b0 cronoscalata della  [&#8230;]<\/p>\n","protected":false},"author":1,"featured_media":190131,"comment_status":"open","ping_status":"open","sticky":false,"template":"","format":"standard","meta":{"footnotes":""},"categories":[8],"tags":[],"class_list":["post-190145","post","type-post","status-publish","format-standard","has-post-thumbnail","hentry","category-news"],"_links":{"self":[{"href":"https:\/\/demo.cicloturismo.it\/index.php?rest_route=\/wp\/v2\/posts\/190145","targetHints":{"allow":["GET"]}}],"collection":[{"href":"https:\/\/demo.cicloturismo.it\/index.php?rest_route=\/wp\/v2\/posts"}],"about":[{"href":"https:\/\/demo.cicloturismo.it\/index.php?rest_route=\/wp\/v2\/types\/post"}],"author":[{"embeddable":true,"href":"https:\/\/demo.cicloturismo.it\/index.php?rest_route=\/wp\/v2\/users\/1"}],"replies":[{"embeddable":true,"href":"https:\/\/demo.cicloturismo.it\/index.php?rest_route=%2Fwp%2Fv2%2Fcomments&post=190145"}],"version-history":[{"count":0,"href":"https:\/\/demo.cicloturismo.it\/index.php?rest_route=\/wp\/v2\/posts\/190145\/revisions"}],"wp:featuredmedia":[{"embeddable":true,"href":"https:\/\/demo.cicloturismo.it\/index.php?rest_route=\/"}],"wp:attachment":[{"href":"https:\/\/demo.cicloturismo.it\/index.php?rest_route=%2Fwp%2Fv2%2Fmedia&parent=190145"}],"wp:term":[{"taxonomy":"category","embeddable":true,"href":"https:\/\/demo.cicloturismo.it\/index.php?rest_route=%2Fwp%2Fv2%2Fcategories&post=190145"},{"taxonomy":"post_tag","embeddable":true,"href":"https:\/\/demo.cicloturismo.it\/index.php?rest_route=%2Fwp%2Fv2%2Ftags&post=190145"}],"curies":[{"name":"wp","href":"https:\/\/api.w.org\/{rel}","templated":true}]}}