{"id":190148,"date":"2021-12-10T12:06:19","date_gmt":"2021-12-10T10:06:19","guid":{"rendered":"https:\/\/www.cicloturismo.it\/?p=190148"},"modified":"2021-12-10T12:06:19","modified_gmt":"2021-12-10T10:06:19","slug":"salita-capezzano-monte-granfondo-della-versilia-2022","status":"publish","type":"post","link":"https:\/\/demo.cicloturismo.it\/?p=190148","title":{"rendered":"Salita Capezzano Monte Granfondo della Versilia 2022"},"content":{"rendered":"<p>Le particolarit\u00e0 di questa salita saranno due: sar\u00e0 infatti l\u2019ultima salita che gli atleti del Marathon affronteranno per l\u2019edizione 2022 della Granfondo della Versilia e sar\u00e0 inoltre la stessa strada che la mattina, dopo l\u2019ascesa di Capriglia, era stata affrontata in discesa.<\/p>\n<p>Sicuramente sar\u00e0 una salita che ricorderete perch\u00e9 morder\u00e0 forte le gambe! 5Km con pendenze medie al 10% fino al paese di Capriglia, ma una volta giunti li affronterete l\u2019ultima discesa verso Pietrasanta e poi gli ultimi Km in pianura fino al traguardo.<\/p>\n<p>Alla data odierna (dicembre 2021, data di stesura di questo articolo) gli organizzatori stanno sempre lavorando per cercare di trasformare questa salita in una cronoscalata: se ci saranno novit\u00e0 questo articolo verr\u00e0 aggiornato.<\/p>\n<p><iframe class=\"lazyload\" title=\"YouTube video player\" src=\"data:image\/svg+xml,%3Csvg%20xmlns%3D%27http%3A%2F%2Fwww.w3.org%2F2000%2Fsvg%27%20width%3D%27560%27%20height%3D%27315%27%20viewBox%3D%270%200%20560%20315%27%3E%3Crect%20width%3D%27560%27%20height%3D%27315%27%20fill-opacity%3D%220%22%2F%3E%3C%2Fsvg%3E\" data-orig-src=\"https:\/\/www.youtube.com\/embed\/ges2JdSnDqk\" width=\"560\" height=\"315\" frameborder=\"0\" allowfullscreen=\"allowfullscreen\"><\/iframe><\/p>\n","protected":false},"excerpt":{"rendered":"<p>Le particolarit\u00e0 di questa salita saranno due: sar\u00e0 infatti l\u2019ultima  [&#8230;]<\/p>\n","protected":false},"author":1,"featured_media":190132,"comment_status":"open","ping_status":"open","sticky":false,"template":"","format":"standard","meta":{"footnotes":""},"categories":[8],"tags":[],"class_list":["post-190148","post","type-post","status-publish","format-standard","has-post-thumbnail","hentry","category-news"],"_links":{"self":[{"href":"https:\/\/demo.cicloturismo.it\/index.php?rest_route=\/wp\/v2\/posts\/190148","targetHints":{"allow":["GET"]}}],"collection":[{"href":"https:\/\/demo.cicloturismo.it\/index.php?rest_route=\/wp\/v2\/posts"}],"about":[{"href":"https:\/\/demo.cicloturismo.it\/index.php?rest_route=\/wp\/v2\/types\/post"}],"author":[{"embeddable":true,"href":"https:\/\/demo.cicloturismo.it\/index.php?rest_route=\/wp\/v2\/users\/1"}],"replies":[{"embeddable":true,"href":"https:\/\/demo.cicloturismo.it\/index.php?rest_route=%2Fwp%2Fv2%2Fcomments&post=190148"}],"version-history":[{"count":0,"href":"https:\/\/demo.cicloturismo.it\/index.php?rest_route=\/wp\/v2\/posts\/190148\/revisions"}],"wp:featuredmedia":[{"embeddable":true,"href":"https:\/\/demo.cicloturismo.it\/index.php?rest_route=\/"}],"wp:attachment":[{"href":"https:\/\/demo.cicloturismo.it\/index.php?rest_route=%2Fwp%2Fv2%2Fmedia&parent=190148"}],"wp:term":[{"taxonomy":"category","embeddable":true,"href":"https:\/\/demo.cicloturismo.it\/index.php?rest_route=%2Fwp%2Fv2%2Fcategories&post=190148"},{"taxonomy":"post_tag","embeddable":true,"href":"https:\/\/demo.cicloturismo.it\/index.php?rest_route=%2Fwp%2Fv2%2Ftags&post=190148"}],"curies":[{"name":"wp","href":"https:\/\/api.w.org\/{rel}","templated":true}]}}