{"id":190190,"date":"2021-12-06T15:35:22","date_gmt":"2021-12-06T13:35:22","guid":{"rendered":"https:\/\/www.cicloturismo.it\/?p=190190"},"modified":"2021-12-06T15:35:22","modified_gmt":"2021-12-06T13:35:22","slug":"nuova-ciclabile-nel-comune-di-occhiobello","status":"publish","type":"post","link":"https:\/\/demo.cicloturismo.it\/?p=190190","title":{"rendered":"Nuova ciclabile nel comune di  Occhiobello."},"content":{"rendered":"<p><img decoding=\"async\" src=\"data:image\/svg+xml,%3Csvg%20xmlns%3D%27http%3A%2F%2Fwww.w3.org%2F2000%2Fsvg%27%20width%3D%27300%27%20height%3D%27207%27%20viewBox%3D%270%200%20300%20207%27%3E%3Crect%20width%3D%27300%27%20height%3D%27207%27%20fill-opacity%3D%220%22%2F%3E%3C%2Fsvg%3E\" data-orig-src=\"https:\/\/demo.cicloturismo.it\/wp-content\/uploads\/2021\/12\/bicycle-ge733233f2_1280-300x207.jpg\" alt=\"\" width=\"300\" height=\"207\" class=\"lazyload alignnone size-medium wp-image-190191\" \/><\/p>\n<p>Il comune di Occhiobello ha approvato il progetto definitivo  della nuova ciclabile che partir\u00e0 da Piazza  Mazzini. La nuova ciclabile unir\u00e0 il centro citt\u00e0 con il viale viale dei Nati attraverso un percorso gi\u00e0 esistente, sar\u00e0 realizzato con le stesse caratteristiche  e dimensionali del tratto arginale.Il sindaco della citt\u00e0 ha dichiarata , che &#8220;E&#8217; questo uno dei tratti pi\u00f9 attesi dai cittadini di Occhiobello e non solo, che permetter\u00e0 di raggiungere l&#8217;area pi\u00f9 naturalistica del nostro territorio in un&#8217;ottica di valorizzazione turistica del sistema fluviale della sinistra Po in maggiore sicurezza rispetto al tragitto attuale&#8221;.<\/p>\n","protected":false},"excerpt":{"rendered":"<p>Il comune di Occhiobello ha approvato il progetto definitivo della  [&#8230;]<\/p>\n","protected":false},"author":1,"featured_media":190191,"comment_status":"open","ping_status":"open","sticky":false,"template":"","format":"standard","meta":{"footnotes":""},"categories":[8],"tags":[],"class_list":["post-190190","post","type-post","status-publish","format-standard","has-post-thumbnail","hentry","category-news"],"_links":{"self":[{"href":"https:\/\/demo.cicloturismo.it\/index.php?rest_route=\/wp\/v2\/posts\/190190","targetHints":{"allow":["GET"]}}],"collection":[{"href":"https:\/\/demo.cicloturismo.it\/index.php?rest_route=\/wp\/v2\/posts"}],"about":[{"href":"https:\/\/demo.cicloturismo.it\/index.php?rest_route=\/wp\/v2\/types\/post"}],"author":[{"embeddable":true,"href":"https:\/\/demo.cicloturismo.it\/index.php?rest_route=\/wp\/v2\/users\/1"}],"replies":[{"embeddable":true,"href":"https:\/\/demo.cicloturismo.it\/index.php?rest_route=%2Fwp%2Fv2%2Fcomments&post=190190"}],"version-history":[{"count":0,"href":"https:\/\/demo.cicloturismo.it\/index.php?rest_route=\/wp\/v2\/posts\/190190\/revisions"}],"wp:featuredmedia":[{"embeddable":true,"href":"https:\/\/demo.cicloturismo.it\/index.php?rest_route=\/"}],"wp:attachment":[{"href":"https:\/\/demo.cicloturismo.it\/index.php?rest_route=%2Fwp%2Fv2%2Fmedia&parent=190190"}],"wp:term":[{"taxonomy":"category","embeddable":true,"href":"https:\/\/demo.cicloturismo.it\/index.php?rest_route=%2Fwp%2Fv2%2Fcategories&post=190190"},{"taxonomy":"post_tag","embeddable":true,"href":"https:\/\/demo.cicloturismo.it\/index.php?rest_route=%2Fwp%2Fv2%2Ftags&post=190190"}],"curies":[{"name":"wp","href":"https:\/\/api.w.org\/{rel}","templated":true}]}}