{"id":190207,"date":"2021-12-07T15:49:29","date_gmt":"2021-12-07T13:49:29","guid":{"rendered":"https:\/\/www.cicloturismo.it\/?p=190207"},"modified":"2021-12-07T15:49:29","modified_gmt":"2021-12-07T13:49:29","slug":"pista-ciclabile-fra-montjovet-e-bard-approvato-il-progetto","status":"publish","type":"post","link":"https:\/\/demo.cicloturismo.it\/?p=190207","title":{"rendered":"Pista ciclabile fra Montjovet e Bard, approvato il progetto ."},"content":{"rendered":"<p><img decoding=\"async\" src=\"data:image\/svg+xml,%3Csvg%20xmlns%3D%27http%3A%2F%2Fwww.w3.org%2F2000%2Fsvg%27%20width%3D%27300%27%20height%3D%27200%27%20viewBox%3D%270%200%20300%20200%27%3E%3Crect%20width%3D%27300%27%20height%3D%27200%27%20fill-opacity%3D%220%22%2F%3E%3C%2Fsvg%3E\" data-orig-src=\"https:\/\/demo.cicloturismo.it\/wp-content\/uploads\/2021\/12\/bicycle-gba0a22dbd_1280-300x200.jpg\" alt=\"\" width=\"300\" height=\"200\" class=\"lazyload alignnone size-medium wp-image-190208\" \/><br \/>\nLa Giunta regionale della Valle d&#8217;Aosta ha approvato  il progetto di fattibilit\u00e0 tecnica ed economica relativo alla  nuova pista  ciclabile &#8220;Bassa Valle&#8221; nel tratto compresso  tra H\u00f4ne e Bard.Il nuovo percorso ciclabile aumenter\u00e0  i collegamenti  ciclabile tra i  comuni interessati dal progetto , aumentando cosi anche l&#8217;attrazione turistica della zona. La nuova ciclabile avr\u00e0 un costo totale di 8 milioni di euro .<\/p>\n","protected":false},"excerpt":{"rendered":"<p>La Giunta regionale della Valle d&#8217;Aosta ha approvato il progetto  [&#8230;]<\/p>\n","protected":false},"author":1,"featured_media":190208,"comment_status":"open","ping_status":"open","sticky":false,"template":"","format":"standard","meta":{"footnotes":""},"categories":[8],"tags":[],"class_list":["post-190207","post","type-post","status-publish","format-standard","has-post-thumbnail","hentry","category-news"],"_links":{"self":[{"href":"https:\/\/demo.cicloturismo.it\/index.php?rest_route=\/wp\/v2\/posts\/190207","targetHints":{"allow":["GET"]}}],"collection":[{"href":"https:\/\/demo.cicloturismo.it\/index.php?rest_route=\/wp\/v2\/posts"}],"about":[{"href":"https:\/\/demo.cicloturismo.it\/index.php?rest_route=\/wp\/v2\/types\/post"}],"author":[{"embeddable":true,"href":"https:\/\/demo.cicloturismo.it\/index.php?rest_route=\/wp\/v2\/users\/1"}],"replies":[{"embeddable":true,"href":"https:\/\/demo.cicloturismo.it\/index.php?rest_route=%2Fwp%2Fv2%2Fcomments&post=190207"}],"version-history":[{"count":0,"href":"https:\/\/demo.cicloturismo.it\/index.php?rest_route=\/wp\/v2\/posts\/190207\/revisions"}],"wp:featuredmedia":[{"embeddable":true,"href":"https:\/\/demo.cicloturismo.it\/index.php?rest_route=\/"}],"wp:attachment":[{"href":"https:\/\/demo.cicloturismo.it\/index.php?rest_route=%2Fwp%2Fv2%2Fmedia&parent=190207"}],"wp:term":[{"taxonomy":"category","embeddable":true,"href":"https:\/\/demo.cicloturismo.it\/index.php?rest_route=%2Fwp%2Fv2%2Fcategories&post=190207"},{"taxonomy":"post_tag","embeddable":true,"href":"https:\/\/demo.cicloturismo.it\/index.php?rest_route=%2Fwp%2Fv2%2Ftags&post=190207"}],"curies":[{"name":"wp","href":"https:\/\/api.w.org\/{rel}","templated":true}]}}