{"id":190211,"date":"2021-12-07T15:58:28","date_gmt":"2021-12-07T13:58:28","guid":{"rendered":"https:\/\/www.cicloturismo.it\/?p=190211"},"modified":"2021-12-07T15:58:28","modified_gmt":"2021-12-07T13:58:28","slug":"apre-il-primo-parcheggio-gratuito-per-biciclette-nella-citta-di-alessandria","status":"publish","type":"post","link":"https:\/\/demo.cicloturismo.it\/?p=190211","title":{"rendered":"Apre il primo parcheggio gratuito per biciclette ,nella citt\u00e0 di Alessandria."},"content":{"rendered":"<p><img decoding=\"async\" src=\"data:image\/svg+xml,%3Csvg%20xmlns%3D%27http%3A%2F%2Fwww.w3.org%2F2000%2Fsvg%27%20width%3D%27300%27%20height%3D%27207%27%20viewBox%3D%270%200%20300%20207%27%3E%3Crect%20width%3D%27300%27%20height%3D%27207%27%20fill-opacity%3D%220%22%2F%3E%3C%2Fsvg%3E\" data-orig-src=\"https:\/\/demo.cicloturismo.it\/wp-content\/uploads\/2021\/12\/bicycle-ge733233f2_1280-300x207.jpg\" alt=\"\" width=\"300\" height=\"207\" class=\"lazyload alignnone size-medium wp-image-190191\" \/><\/p>\n<p>Lo scorso sabato nella citt\u00e0 piemontese di Alessandria \u00e8 stato inaugurato il primo parcheggio dedicato alle biciclette, completamente gratuito.Il progetto \u00e8 nato da una idea  di Mara e Alessandra Verzetti, insieme ai gestori del bar e del ristorante del Circolo in via Achille Sclavo 13 e all\u2019associazione Amici delle Bici.Il parcheggio si trova lungo il  viale Massobrio, sar\u00e0 aperto ogni giorno dal luned\u00ec alla domenica dalle 8:30 alle 20:30 in inverno, e dalle 8:30 alle 23:00 in estate.  <\/p>\n","protected":false},"excerpt":{"rendered":"<p>Lo scorso sabato nella citt\u00e0 piemontese di Alessandria \u00e8 stato  [&#8230;]<\/p>\n","protected":false},"author":1,"featured_media":190191,"comment_status":"open","ping_status":"open","sticky":false,"template":"","format":"standard","meta":{"footnotes":""},"categories":[8],"tags":[],"class_list":["post-190211","post","type-post","status-publish","format-standard","has-post-thumbnail","hentry","category-news"],"_links":{"self":[{"href":"https:\/\/demo.cicloturismo.it\/index.php?rest_route=\/wp\/v2\/posts\/190211","targetHints":{"allow":["GET"]}}],"collection":[{"href":"https:\/\/demo.cicloturismo.it\/index.php?rest_route=\/wp\/v2\/posts"}],"about":[{"href":"https:\/\/demo.cicloturismo.it\/index.php?rest_route=\/wp\/v2\/types\/post"}],"author":[{"embeddable":true,"href":"https:\/\/demo.cicloturismo.it\/index.php?rest_route=\/wp\/v2\/users\/1"}],"replies":[{"embeddable":true,"href":"https:\/\/demo.cicloturismo.it\/index.php?rest_route=%2Fwp%2Fv2%2Fcomments&post=190211"}],"version-history":[{"count":0,"href":"https:\/\/demo.cicloturismo.it\/index.php?rest_route=\/wp\/v2\/posts\/190211\/revisions"}],"wp:featuredmedia":[{"embeddable":true,"href":"https:\/\/demo.cicloturismo.it\/index.php?rest_route=\/"}],"wp:attachment":[{"href":"https:\/\/demo.cicloturismo.it\/index.php?rest_route=%2Fwp%2Fv2%2Fmedia&parent=190211"}],"wp:term":[{"taxonomy":"category","embeddable":true,"href":"https:\/\/demo.cicloturismo.it\/index.php?rest_route=%2Fwp%2Fv2%2Fcategories&post=190211"},{"taxonomy":"post_tag","embeddable":true,"href":"https:\/\/demo.cicloturismo.it\/index.php?rest_route=%2Fwp%2Fv2%2Ftags&post=190211"}],"curies":[{"name":"wp","href":"https:\/\/api.w.org\/{rel}","templated":true}]}}