{"id":190349,"date":"2021-12-13T16:09:20","date_gmt":"2021-12-13T14:09:20","guid":{"rendered":"https:\/\/www.cicloturismo.it\/?p=190349"},"modified":"2021-12-13T16:09:20","modified_gmt":"2021-12-13T14:09:20","slug":"cantu-grave-un-ciclista-travolto-da-unauto","status":"publish","type":"post","link":"https:\/\/demo.cicloturismo.it\/?p=190349","title":{"rendered":"Cant\u00f9 , Grave un ciclista travolto da un\u2019auto."},"content":{"rendered":"<p><img decoding=\"async\" src=\"data:image\/svg+xml,%3Csvg%20xmlns%3D%27http%3A%2F%2Fwww.w3.org%2F2000%2Fsvg%27%20width%3D%27300%27%20height%3D%27199%27%20viewBox%3D%270%200%20300%20199%27%3E%3Crect%20width%3D%27300%27%20height%3D%27199%27%20fill-opacity%3D%220%22%2F%3E%3C%2Fsvg%3E\" data-orig-src=\"https:\/\/demo.cicloturismo.it\/wp-content\/uploads\/2021\/12\/ambulance-g09179e8e9_1280-300x199.jpg\" alt=\"\" width=\"300\" height=\"199\" class=\"lazyload alignnone size-medium wp-image-190350\" \/><br \/>\nIeri mattina si \u00e8 verificato un brutto incidente stradale nella citt\u00e0 lombarda  di Cant\u00f9 , ha coinvolto un ciclista e una macchina . L&#8217;incidente si \u00e8 verificato nei pressi di  via Mameli, l&#8217;uomo in bicicletta si trova ricoverato  all\u2019ospedale Manzoni di Lecco in Rianimazione in prognosi riservata.Secondo la prima ricostruzione della polizia , l&#8217;auto guidata da un uomo di 52 anni stava procedendo dal centro della frazione in direzione di Cermenate quando, arrivato all\u2019altezza dell\u2019intersezione con la strada che porta verso la zona dei Vedroni a Carimnate, via Dei Partigiani, si \u00e8 attestato per iniziare la manovra di svolta a sinistra. Mentre il ciclista stava arrivando da Cermenate e procedeva diritto , il guidatore della macchina forse \u00e8 stata abbagliato dal sole , non si sarebbe accorto della presenza del ciclista . La polizia locale sta visitando le telecamere della zona per stabile l&#8217;esatta dinamica del sinistro .  <\/p>\n","protected":false},"excerpt":{"rendered":"<p>Ieri mattina si \u00e8 verificato un brutto incidente stradale nella  [&#8230;]<\/p>\n","protected":false},"author":1,"featured_media":190350,"comment_status":"open","ping_status":"open","sticky":false,"template":"","format":"standard","meta":{"footnotes":""},"categories":[8],"tags":[],"class_list":["post-190349","post","type-post","status-publish","format-standard","has-post-thumbnail","hentry","category-news"],"_links":{"self":[{"href":"https:\/\/demo.cicloturismo.it\/index.php?rest_route=\/wp\/v2\/posts\/190349","targetHints":{"allow":["GET"]}}],"collection":[{"href":"https:\/\/demo.cicloturismo.it\/index.php?rest_route=\/wp\/v2\/posts"}],"about":[{"href":"https:\/\/demo.cicloturismo.it\/index.php?rest_route=\/wp\/v2\/types\/post"}],"author":[{"embeddable":true,"href":"https:\/\/demo.cicloturismo.it\/index.php?rest_route=\/wp\/v2\/users\/1"}],"replies":[{"embeddable":true,"href":"https:\/\/demo.cicloturismo.it\/index.php?rest_route=%2Fwp%2Fv2%2Fcomments&post=190349"}],"version-history":[{"count":0,"href":"https:\/\/demo.cicloturismo.it\/index.php?rest_route=\/wp\/v2\/posts\/190349\/revisions"}],"wp:featuredmedia":[{"embeddable":true,"href":"https:\/\/demo.cicloturismo.it\/index.php?rest_route=\/"}],"wp:attachment":[{"href":"https:\/\/demo.cicloturismo.it\/index.php?rest_route=%2Fwp%2Fv2%2Fmedia&parent=190349"}],"wp:term":[{"taxonomy":"category","embeddable":true,"href":"https:\/\/demo.cicloturismo.it\/index.php?rest_route=%2Fwp%2Fv2%2Fcategories&post=190349"},{"taxonomy":"post_tag","embeddable":true,"href":"https:\/\/demo.cicloturismo.it\/index.php?rest_route=%2Fwp%2Fv2%2Ftags&post=190349"}],"curies":[{"name":"wp","href":"https:\/\/api.w.org\/{rel}","templated":true}]}}