{"id":190490,"date":"2021-12-16T12:26:58","date_gmt":"2021-12-16T10:26:58","guid":{"rendered":"https:\/\/www.cicloturismo.it\/?p=190490"},"modified":"2021-12-16T12:26:58","modified_gmt":"2021-12-16T10:26:58","slug":"tuscany-extreme-edizione-2022","status":"publish","type":"post","link":"https:\/\/demo.cicloturismo.it\/?p=190490","title":{"rendered":"Tuscany Extreme &#8211; Presentazione 2022"},"content":{"rendered":"<p>Sabato <strong>11 giugno 2022<\/strong>, una data da segnare sul calendario di tutti gli appassionati con il doppio appuntamento della <strong>Tuscany Extreme<\/strong> e della Tuscany Legend.<\/p>\n<p>La formula \u00e8 quella ormai collaudata essendo ormai giunta alla <strong>3\u00b0 edizione<\/strong>, ma con alcune novit\u00e0 di rilievo. La prima novit\u00e0 riguarda la formula di iscrizione con la possibilit\u00e0 di partecipare \u201cgareggiando\u201d nelle <strong>cronoscalate<\/strong>, oppure di partecipare secondo le regole ARI ed ottenere in questo caso il <strong>brevetto BRM\/ACP Extreme<\/strong> per la classificazione della Parigi \u2013 Brest \u2013 Parigi.<\/p>\n<p>Per chi sceglier\u00e0 la formula con le <strong>cronoscalate<\/strong>, si vedr\u00e0 impegnato in quattro impegnativi tratti: <strong>Lucese<\/strong>, <strong>Cipollaio<\/strong>, <strong>San Pellegrino in Alpe e Benabbio<\/strong>, i cui tempi cronometrati produrranno una classifica valida per l\u2019assegnazione di premi ai partecipanti. Vi segnaliamo un\u2019altra piccola novit\u00e0 ossia la cronoscalata dell\u2019Abetone sar\u00e0 sostituita dalla cronoscalata di Benabbio che sar\u00e0 a comune con la Tuscany Legend.<\/p>\n<p>Il tracciato \u00e8 stato in parte rinnovato ed ha una <strong>lunghezza di 220,15Km con un dislivello complessivo di ben 4265 metri<\/strong>, una vera sfida impegnativa sia per il corpo che la mente.<\/p>\n<p>Come di consueto la partenza sar\u00e0 da Pescia (PT) in direzione \u201cmare\u201d per affrontare la prima cronoscalata, quella di <strong>Lucese<\/strong> che porter\u00e0 verso i paesi di Camaiore e Pietrasanta e l\u2019impegnativa salita del <strong>Cipollaio<\/strong>, seconda cronoscalata.<\/p>\n<p>Da li, seguendo le strade che delimitano il parco naturale regionale delle Alpi Apuane, sar\u00e0 la volta del \u201cterribile\u201d <strong>San Pellegrino in Alpe<\/strong> (3\u00b0 cronoscalata) per proseguire verso Pievepelago, Fiumalbo, Lizzano, Abetone, le Torri di Popiglio e, giunti a Bagni di Lucca, affrontare l\u2019ultima cronoscalata quella di <strong>Benabbio<\/strong> (che ricordiamo sar\u00e0 a comune con la Tuscany Legend, di cui vi parleremo nel prossimo comunicato stampa).<\/p>\n<p>Finalmente, passando da Villa Basilica si incrocier\u00e0 il paese di Collodi, che ha dato i natali al creatore di Pinocchio ed il ritorno a Pescia, dopo una lunghissima giornata in sella alla bicicletta.<\/p>\n<p>Ad attendere i partecipati il consueto <strong>pasta party<\/strong> e la cerimonia di premiazione per i \u201cvincitori\u201d delle cronoscalate.<\/p>\n<p><a href=\"https:\/\/demo.cicloturismo.it\/wp-content\/uploads\/2021\/12\/andreatafi.jpg\"><img decoding=\"async\" class=\"lazyload alignnone size-large wp-image-190489\" src=\"data:image\/svg+xml,%3Csvg%20xmlns%3D%27http%3A%2F%2Fwww.w3.org%2F2000%2Fsvg%27%20width%3D%271024%27%20height%3D%27681%27%20viewBox%3D%270%200%201024%20681%27%3E%3Crect%20width%3D%271024%27%20height%3D%27681%27%20fill-opacity%3D%220%22%2F%3E%3C%2Fsvg%3E\" data-orig-src=\"https:\/\/demo.cicloturismo.it\/wp-content\/uploads\/2021\/12\/andreatafi-1024x681.jpg\" alt=\"\" width=\"1024\" height=\"681\" \/><\/a><\/p>\n<p>Avremmo anche quest\u2019anno la presenza di numerosi ospiti \u201cfamosi\u201d e \u201ccompetitivi\u201d , primo tra tutti la conferma di <strong>Andrea Tafi<\/strong>, che verranno svelati nei prossimi mesi attraverso il sito web ufficiale <a href=\"http:\/\/www.tuscanyextreme.it\/\">www.tuscanyextreme.it<\/a> ed i nostri canali social.<\/p>\n<p>Infine, una gradita sorpresa: i partecipanti al Tuscany Extreme e Tuscany Legend che lo vorranno, potranno <strong>pedalare gratis il giorno successivo su uno dei percorsi della Randonn\u00e9e di Pinocchio<\/strong>.<\/p>\n","protected":false},"excerpt":{"rendered":"<p>Sabato 11 giugno 2022, una data da segnare sul calendario  [&#8230;]<\/p>\n","protected":false},"author":1,"featured_media":190486,"comment_status":"open","ping_status":"open","sticky":false,"template":"","format":"standard","meta":{"footnotes":""},"categories":[8],"tags":[],"class_list":["post-190490","post","type-post","status-publish","format-standard","has-post-thumbnail","hentry","category-news"],"_links":{"self":[{"href":"https:\/\/demo.cicloturismo.it\/index.php?rest_route=\/wp\/v2\/posts\/190490","targetHints":{"allow":["GET"]}}],"collection":[{"href":"https:\/\/demo.cicloturismo.it\/index.php?rest_route=\/wp\/v2\/posts"}],"about":[{"href":"https:\/\/demo.cicloturismo.it\/index.php?rest_route=\/wp\/v2\/types\/post"}],"author":[{"embeddable":true,"href":"https:\/\/demo.cicloturismo.it\/index.php?rest_route=\/wp\/v2\/users\/1"}],"replies":[{"embeddable":true,"href":"https:\/\/demo.cicloturismo.it\/index.php?rest_route=%2Fwp%2Fv2%2Fcomments&post=190490"}],"version-history":[{"count":0,"href":"https:\/\/demo.cicloturismo.it\/index.php?rest_route=\/wp\/v2\/posts\/190490\/revisions"}],"wp:featuredmedia":[{"embeddable":true,"href":"https:\/\/demo.cicloturismo.it\/index.php?rest_route=\/"}],"wp:attachment":[{"href":"https:\/\/demo.cicloturismo.it\/index.php?rest_route=%2Fwp%2Fv2%2Fmedia&parent=190490"}],"wp:term":[{"taxonomy":"category","embeddable":true,"href":"https:\/\/demo.cicloturismo.it\/index.php?rest_route=%2Fwp%2Fv2%2Fcategories&post=190490"},{"taxonomy":"post_tag","embeddable":true,"href":"https:\/\/demo.cicloturismo.it\/index.php?rest_route=%2Fwp%2Fv2%2Ftags&post=190490"}],"curies":[{"name":"wp","href":"https:\/\/api.w.org\/{rel}","templated":true}]}}