{"id":190505,"date":"2021-12-16T16:27:22","date_gmt":"2021-12-16T14:27:22","guid":{"rendered":"https:\/\/www.cicloturismo.it\/?p=190505"},"modified":"2021-12-16T16:27:22","modified_gmt":"2021-12-16T14:27:22","slug":"nuove-ciclabili-nella-citta-di-reggio-calabria","status":"publish","type":"post","link":"https:\/\/demo.cicloturismo.it\/?p=190505","title":{"rendered":"Nuove ciclabili nella citt\u00e0 di Reggio Calabria."},"content":{"rendered":"<p><img decoding=\"async\" src=\"data:image\/svg+xml,%3Csvg%20xmlns%3D%27http%3A%2F%2Fwww.w3.org%2F2000%2Fsvg%27%20width%3D%27300%27%20height%3D%27199%27%20viewBox%3D%270%200%20300%20199%27%3E%3Crect%20width%3D%27300%27%20height%3D%27199%27%20fill-opacity%3D%220%22%2F%3E%3C%2Fsvg%3E\" data-orig-src=\"https:\/\/demo.cicloturismo.it\/wp-content\/uploads\/2021\/11\/bike-lanes-gb797cfa55_1280-300x199.jpg\" alt=\"\" width=\"300\" height=\"199\" class=\"lazyload alignnone size-medium wp-image-190041\" \/><br \/>\nLa giunta comunale della citt\u00e0 di Reggio Calabria ha approvato in questi giorni il progetto nella nuova rete ciclabile della citt\u00e0 . L&#8217;opera  avr\u00e0 un costo totale di 500mila euro , prevede la costruzione di ben dieci chilometri  di pista andranno ad aggiungersi ai sette che sono gi\u00e0 attivi sul territorio comunale. La nuova rete ciclabile si estender\u00e0 in continuit\u00e0 con le piste ciclabili esistenti . Ecco le nuove tratte ciclabili  che verranno realizzate : Porto-Universit\u00e0 Mediterranea; Viale della libert\u00e0- via Roma; stazione centrale-Cedir; viale della libert\u00e0- Santa Caterina; villa comunale- Ponte di s. Pietro; viale Calabria-aeroporto.<\/p>\n","protected":false},"excerpt":{"rendered":"<p>La giunta comunale della citt\u00e0 di Reggio Calabria ha approvato  [&#8230;]<\/p>\n","protected":false},"author":1,"featured_media":190041,"comment_status":"open","ping_status":"open","sticky":false,"template":"","format":"standard","meta":{"footnotes":""},"categories":[8],"tags":[],"class_list":["post-190505","post","type-post","status-publish","format-standard","has-post-thumbnail","hentry","category-news"],"_links":{"self":[{"href":"https:\/\/demo.cicloturismo.it\/index.php?rest_route=\/wp\/v2\/posts\/190505","targetHints":{"allow":["GET"]}}],"collection":[{"href":"https:\/\/demo.cicloturismo.it\/index.php?rest_route=\/wp\/v2\/posts"}],"about":[{"href":"https:\/\/demo.cicloturismo.it\/index.php?rest_route=\/wp\/v2\/types\/post"}],"author":[{"embeddable":true,"href":"https:\/\/demo.cicloturismo.it\/index.php?rest_route=\/wp\/v2\/users\/1"}],"replies":[{"embeddable":true,"href":"https:\/\/demo.cicloturismo.it\/index.php?rest_route=%2Fwp%2Fv2%2Fcomments&post=190505"}],"version-history":[{"count":0,"href":"https:\/\/demo.cicloturismo.it\/index.php?rest_route=\/wp\/v2\/posts\/190505\/revisions"}],"wp:featuredmedia":[{"embeddable":true,"href":"https:\/\/demo.cicloturismo.it\/index.php?rest_route=\/"}],"wp:attachment":[{"href":"https:\/\/demo.cicloturismo.it\/index.php?rest_route=%2Fwp%2Fv2%2Fmedia&parent=190505"}],"wp:term":[{"taxonomy":"category","embeddable":true,"href":"https:\/\/demo.cicloturismo.it\/index.php?rest_route=%2Fwp%2Fv2%2Fcategories&post=190505"},{"taxonomy":"post_tag","embeddable":true,"href":"https:\/\/demo.cicloturismo.it\/index.php?rest_route=%2Fwp%2Fv2%2Ftags&post=190505"}],"curies":[{"name":"wp","href":"https:\/\/api.w.org\/{rel}","templated":true}]}}