{"id":190558,"date":"2021-12-18T15:55:12","date_gmt":"2021-12-18T13:55:12","guid":{"rendered":"https:\/\/www.cicloturismo.it\/?p=190558"},"modified":"2021-12-18T15:55:12","modified_gmt":"2021-12-18T13:55:12","slug":"via-libera-alla-greenway-airuno-cernusco","status":"publish","type":"post","link":"https:\/\/demo.cicloturismo.it\/?p=190558","title":{"rendered":"Via libera alla Greenway Airuno-Cernusco"},"content":{"rendered":"<p><img decoding=\"async\" src=\"data:image\/svg+xml,%3Csvg%20xmlns%3D%27http%3A%2F%2Fwww.w3.org%2F2000%2Fsvg%27%20width%3D%27300%27%20height%3D%27200%27%20viewBox%3D%270%200%20300%20200%27%3E%3Crect%20width%3D%27300%27%20height%3D%27200%27%20fill-opacity%3D%220%22%2F%3E%3C%2Fsvg%3E\" data-orig-src=\"https:\/\/demo.cicloturismo.it\/wp-content\/uploads\/2021\/11\/bicycle-gf18eac2fe_1280-300x200.jpg\" alt=\"\" width=\"300\" height=\"200\" class=\"lazyload alignnone size-medium wp-image-190067\" \/><br \/>\nIl consigliere regionale Raffaele Straniero \u00e8 riuscito a ottenere  un finanziamento di circa quattro milioni di euro per la nuova ciclabile, che unir\u00e0  Cernusco Lombardone e Airuno. La nuova ciclabile verr\u00e0 realizzata sulla vecchia massicciata ferroviaria lasciata libera dai lavori di raddoppio della tratta ferroviaria Calolziocorte-Carnate Usmate sulla linea Milano\u2013Lecco.<\/p>\n","protected":false},"excerpt":{"rendered":"<p>Il consigliere regionale Raffaele Straniero \u00e8 riuscito a ottenere un  [&#8230;]<\/p>\n","protected":false},"author":1,"featured_media":190067,"comment_status":"open","ping_status":"open","sticky":false,"template":"","format":"standard","meta":{"footnotes":""},"categories":[8],"tags":[],"class_list":["post-190558","post","type-post","status-publish","format-standard","has-post-thumbnail","hentry","category-news"],"_links":{"self":[{"href":"https:\/\/demo.cicloturismo.it\/index.php?rest_route=\/wp\/v2\/posts\/190558","targetHints":{"allow":["GET"]}}],"collection":[{"href":"https:\/\/demo.cicloturismo.it\/index.php?rest_route=\/wp\/v2\/posts"}],"about":[{"href":"https:\/\/demo.cicloturismo.it\/index.php?rest_route=\/wp\/v2\/types\/post"}],"author":[{"embeddable":true,"href":"https:\/\/demo.cicloturismo.it\/index.php?rest_route=\/wp\/v2\/users\/1"}],"replies":[{"embeddable":true,"href":"https:\/\/demo.cicloturismo.it\/index.php?rest_route=%2Fwp%2Fv2%2Fcomments&post=190558"}],"version-history":[{"count":0,"href":"https:\/\/demo.cicloturismo.it\/index.php?rest_route=\/wp\/v2\/posts\/190558\/revisions"}],"wp:featuredmedia":[{"embeddable":true,"href":"https:\/\/demo.cicloturismo.it\/index.php?rest_route=\/"}],"wp:attachment":[{"href":"https:\/\/demo.cicloturismo.it\/index.php?rest_route=%2Fwp%2Fv2%2Fmedia&parent=190558"}],"wp:term":[{"taxonomy":"category","embeddable":true,"href":"https:\/\/demo.cicloturismo.it\/index.php?rest_route=%2Fwp%2Fv2%2Fcategories&post=190558"},{"taxonomy":"post_tag","embeddable":true,"href":"https:\/\/demo.cicloturismo.it\/index.php?rest_route=%2Fwp%2Fv2%2Ftags&post=190558"}],"curies":[{"name":"wp","href":"https:\/\/api.w.org\/{rel}","templated":true}]}}