{"id":190584,"date":"2021-12-19T16:05:43","date_gmt":"2021-12-19T14:05:43","guid":{"rendered":"https:\/\/www.cicloturismo.it\/?p=190584"},"modified":"2021-12-19T16:05:43","modified_gmt":"2021-12-19T14:05:43","slug":"finanziato-il-progetto-della-ciclabile-treviso-ostiglia","status":"publish","type":"post","link":"https:\/\/demo.cicloturismo.it\/?p=190584","title":{"rendered":"Finanziato il progetto della ciclabile  Treviso &#8211; Ostiglia"},"content":{"rendered":"<p><img decoding=\"async\" src=\"data:image\/svg+xml,%3Csvg%20xmlns%3D%27http%3A%2F%2Fwww.w3.org%2F2000%2Fsvg%27%20width%3D%27300%27%20height%3D%27200%27%20viewBox%3D%270%200%20300%20200%27%3E%3Crect%20width%3D%27300%27%20height%3D%27200%27%20fill-opacity%3D%220%22%2F%3E%3C%2Fsvg%3E\" data-orig-src=\"https:\/\/demo.cicloturismo.it\/wp-content\/uploads\/2021\/12\/bicycle-g8e552d4f6_1280-300x200.jpg\" alt=\"\" width=\"300\" height=\"200\" class=\"lazyload alignnone size-medium wp-image-190585\" \/><br \/>\nQuest&#8217;oggi \u00e8 arrivato il via libera definitivo dai comuni di Venezia, Spinea, Martellago, Scorz\u00e8 e Trebaseleghe al progetto  della ciclabile di 118 chilometri Treviso-Ostiglia che, riutilizzer\u00e0 in gran parte l\u2019ex ferrovia militare garantendo cosi un forte richiamo al turismo in bicicletta. Per ora il progetto prevede di realizzare 39,5 chilometri di pista ciclabile di cui circa 19 di nuova costruzione. La nuova ciclabile sar\u00e0 anche dotata di illuminazione a led , punti ristoro attrezzati  e due punti di ricarica rapida per e-bike. L&#8217;infrastruttura che verr\u00e0 realizzata avr\u00e0 un costo di  216mila  euro.<\/p>\n","protected":false},"excerpt":{"rendered":"<p>Quest&#8217;oggi \u00e8 arrivato il via libera definitivo dai comuni di  [&#8230;]<\/p>\n","protected":false},"author":1,"featured_media":190585,"comment_status":"open","ping_status":"open","sticky":false,"template":"","format":"standard","meta":{"footnotes":""},"categories":[8],"tags":[],"class_list":["post-190584","post","type-post","status-publish","format-standard","has-post-thumbnail","hentry","category-news"],"_links":{"self":[{"href":"https:\/\/demo.cicloturismo.it\/index.php?rest_route=\/wp\/v2\/posts\/190584","targetHints":{"allow":["GET"]}}],"collection":[{"href":"https:\/\/demo.cicloturismo.it\/index.php?rest_route=\/wp\/v2\/posts"}],"about":[{"href":"https:\/\/demo.cicloturismo.it\/index.php?rest_route=\/wp\/v2\/types\/post"}],"author":[{"embeddable":true,"href":"https:\/\/demo.cicloturismo.it\/index.php?rest_route=\/wp\/v2\/users\/1"}],"replies":[{"embeddable":true,"href":"https:\/\/demo.cicloturismo.it\/index.php?rest_route=%2Fwp%2Fv2%2Fcomments&post=190584"}],"version-history":[{"count":0,"href":"https:\/\/demo.cicloturismo.it\/index.php?rest_route=\/wp\/v2\/posts\/190584\/revisions"}],"wp:featuredmedia":[{"embeddable":true,"href":"https:\/\/demo.cicloturismo.it\/index.php?rest_route=\/"}],"wp:attachment":[{"href":"https:\/\/demo.cicloturismo.it\/index.php?rest_route=%2Fwp%2Fv2%2Fmedia&parent=190584"}],"wp:term":[{"taxonomy":"category","embeddable":true,"href":"https:\/\/demo.cicloturismo.it\/index.php?rest_route=%2Fwp%2Fv2%2Fcategories&post=190584"},{"taxonomy":"post_tag","embeddable":true,"href":"https:\/\/demo.cicloturismo.it\/index.php?rest_route=%2Fwp%2Fv2%2Ftags&post=190584"}],"curies":[{"name":"wp","href":"https:\/\/api.w.org\/{rel}","templated":true}]}}