{"id":190618,"date":"2021-12-21T15:58:34","date_gmt":"2021-12-21T13:58:34","guid":{"rendered":"https:\/\/www.cicloturismo.it\/?p=190618"},"modified":"2021-12-21T15:58:34","modified_gmt":"2021-12-21T13:58:34","slug":"nuova-ciclabile-nella-citta-di-pesaro","status":"publish","type":"post","link":"https:\/\/demo.cicloturismo.it\/?p=190618","title":{"rendered":"Nuova ciclabile nella citt\u00e0 di Pesaro ."},"content":{"rendered":"<p><img decoding=\"async\" src=\"data:image\/svg+xml,%3Csvg%20xmlns%3D%27http%3A%2F%2Fwww.w3.org%2F2000%2Fsvg%27%20width%3D%27300%27%20height%3D%27200%27%20viewBox%3D%270%200%20300%20200%27%3E%3Crect%20width%3D%27300%27%20height%3D%27200%27%20fill-opacity%3D%220%22%2F%3E%3C%2Fsvg%3E\" data-orig-src=\"https:\/\/demo.cicloturismo.it\/wp-content\/uploads\/2021\/12\/bicyclists-g1464b98c7_1280-300x200.jpg\" alt=\"\" width=\"300\" height=\"200\" class=\"lazyload alignnone size-medium wp-image-190620\" \/><\/p>\n<p>Il sindaco della citt\u00e0 di Pesaro  ha annunciato che  i lavori sulla ciclabile di via Negusanti saranno terminati domani con la verniciatura della segnaletica orizzontale. Questa ciclabile far\u00e0 parte della  linea 6 del biciplan per il collegamento di Sant\u2019Orso con il centro storico della citt\u00e0 . La ciclabile partir\u00e0 da via Soncino e arriver\u00e0 fino a via Garibaldi .<\/p>\n","protected":false},"excerpt":{"rendered":"<p>Il sindaco della citt\u00e0 di Pesaro ha annunciato che i  [&#8230;]<\/p>\n","protected":false},"author":1,"featured_media":190620,"comment_status":"open","ping_status":"open","sticky":false,"template":"","format":"standard","meta":{"footnotes":""},"categories":[8],"tags":[],"class_list":["post-190618","post","type-post","status-publish","format-standard","has-post-thumbnail","hentry","category-news"],"_links":{"self":[{"href":"https:\/\/demo.cicloturismo.it\/index.php?rest_route=\/wp\/v2\/posts\/190618","targetHints":{"allow":["GET"]}}],"collection":[{"href":"https:\/\/demo.cicloturismo.it\/index.php?rest_route=\/wp\/v2\/posts"}],"about":[{"href":"https:\/\/demo.cicloturismo.it\/index.php?rest_route=\/wp\/v2\/types\/post"}],"author":[{"embeddable":true,"href":"https:\/\/demo.cicloturismo.it\/index.php?rest_route=\/wp\/v2\/users\/1"}],"replies":[{"embeddable":true,"href":"https:\/\/demo.cicloturismo.it\/index.php?rest_route=%2Fwp%2Fv2%2Fcomments&post=190618"}],"version-history":[{"count":0,"href":"https:\/\/demo.cicloturismo.it\/index.php?rest_route=\/wp\/v2\/posts\/190618\/revisions"}],"wp:featuredmedia":[{"embeddable":true,"href":"https:\/\/demo.cicloturismo.it\/index.php?rest_route=\/"}],"wp:attachment":[{"href":"https:\/\/demo.cicloturismo.it\/index.php?rest_route=%2Fwp%2Fv2%2Fmedia&parent=190618"}],"wp:term":[{"taxonomy":"category","embeddable":true,"href":"https:\/\/demo.cicloturismo.it\/index.php?rest_route=%2Fwp%2Fv2%2Fcategories&post=190618"},{"taxonomy":"post_tag","embeddable":true,"href":"https:\/\/demo.cicloturismo.it\/index.php?rest_route=%2Fwp%2Fv2%2Ftags&post=190618"}],"curies":[{"name":"wp","href":"https:\/\/api.w.org\/{rel}","templated":true}]}}