{"id":190742,"date":"2021-12-27T15:25:44","date_gmt":"2021-12-27T13:25:44","guid":{"rendered":"https:\/\/www.cicloturismo.it\/?p=190742"},"modified":"2021-12-27T15:25:44","modified_gmt":"2021-12-27T13:25:44","slug":"nuova-ciclabile-nella-citta-di-napoli-2","status":"publish","type":"post","link":"https:\/\/demo.cicloturismo.it\/?p=190742","title":{"rendered":"Nuova ciclabile nella citt\u00e0 di Napoli ."},"content":{"rendered":"<p><img decoding=\"async\" src=\"data:image\/svg+xml,%3Csvg%20xmlns%3D%27http%3A%2F%2Fwww.w3.org%2F2000%2Fsvg%27%20width%3D%27300%27%20height%3D%27201%27%20viewBox%3D%270%200%20300%20201%27%3E%3Crect%20width%3D%27300%27%20height%3D%27201%27%20fill-opacity%3D%220%22%2F%3E%3C%2Fsvg%3E\" data-orig-src=\"https:\/\/demo.cicloturismo.it\/wp-content\/uploads\/2021\/12\/bicycle-gb9422ddff_1280-300x201.jpg\" alt=\"\" width=\"300\" height=\"201\" class=\"lazyload alignnone size-medium wp-image-190743\" \/><br \/>\nQuest&#8217;oggi sono partiti ufficialmente i lavori per la realizzazioni di una  nuova ciclabile urbana nella citt\u00e0 di Napoli . La pista ciclabile verr\u00e0 realizzata in corso Umberto I,sar\u00e0 posizionata nella parte sinistra , provenendo da piazza Borsa in direzione piazza Garibaldi. Una volta terminata la ciclabile garantir\u00e0 un  collegamento con la  stazione centrale con l&#8217;Universit\u00e0 e con piazza Bovio. I lavori dovrebbero terminare entro il mese di Febbraio .<\/p>\n","protected":false},"excerpt":{"rendered":"<p>Quest&#8217;oggi sono partiti ufficialmente i lavori per la realizzazioni di  [&#8230;]<\/p>\n","protected":false},"author":1,"featured_media":190743,"comment_status":"open","ping_status":"open","sticky":false,"template":"","format":"standard","meta":{"footnotes":""},"categories":[8],"tags":[],"class_list":["post-190742","post","type-post","status-publish","format-standard","has-post-thumbnail","hentry","category-news"],"_links":{"self":[{"href":"https:\/\/demo.cicloturismo.it\/index.php?rest_route=\/wp\/v2\/posts\/190742","targetHints":{"allow":["GET"]}}],"collection":[{"href":"https:\/\/demo.cicloturismo.it\/index.php?rest_route=\/wp\/v2\/posts"}],"about":[{"href":"https:\/\/demo.cicloturismo.it\/index.php?rest_route=\/wp\/v2\/types\/post"}],"author":[{"embeddable":true,"href":"https:\/\/demo.cicloturismo.it\/index.php?rest_route=\/wp\/v2\/users\/1"}],"replies":[{"embeddable":true,"href":"https:\/\/demo.cicloturismo.it\/index.php?rest_route=%2Fwp%2Fv2%2Fcomments&post=190742"}],"version-history":[{"count":0,"href":"https:\/\/demo.cicloturismo.it\/index.php?rest_route=\/wp\/v2\/posts\/190742\/revisions"}],"wp:featuredmedia":[{"embeddable":true,"href":"https:\/\/demo.cicloturismo.it\/index.php?rest_route=\/"}],"wp:attachment":[{"href":"https:\/\/demo.cicloturismo.it\/index.php?rest_route=%2Fwp%2Fv2%2Fmedia&parent=190742"}],"wp:term":[{"taxonomy":"category","embeddable":true,"href":"https:\/\/demo.cicloturismo.it\/index.php?rest_route=%2Fwp%2Fv2%2Fcategories&post=190742"},{"taxonomy":"post_tag","embeddable":true,"href":"https:\/\/demo.cicloturismo.it\/index.php?rest_route=%2Fwp%2Fv2%2Ftags&post=190742"}],"curies":[{"name":"wp","href":"https:\/\/api.w.org\/{rel}","templated":true}]}}