{"id":190770,"date":"2021-12-28T15:40:45","date_gmt":"2021-12-28T13:40:45","guid":{"rendered":"https:\/\/www.cicloturismo.it\/?p=190770"},"modified":"2021-12-28T15:40:45","modified_gmt":"2021-12-28T13:40:45","slug":"nuova-ciclabile-nella-citta-di-livorno-2","status":"publish","type":"post","link":"https:\/\/demo.cicloturismo.it\/?p=190770","title":{"rendered":"Nuova ciclabile nella citt\u00e0 di Livorno ."},"content":{"rendered":"<p><img decoding=\"async\" src=\"data:image\/svg+xml,%3Csvg%20xmlns%3D%27http%3A%2F%2Fwww.w3.org%2F2000%2Fsvg%27%20width%3D%27300%27%20height%3D%27200%27%20viewBox%3D%270%200%20300%20200%27%3E%3Crect%20width%3D%27300%27%20height%3D%27200%27%20fill-opacity%3D%220%22%2F%3E%3C%2Fsvg%3E\" data-orig-src=\"https:\/\/demo.cicloturismo.it\/wp-content\/uploads\/2021\/12\/bicycles-g472b12bf0_1280-300x200.jpg\" alt=\"\" width=\"300\" height=\"200\" class=\"lazyload alignnone size-medium wp-image-190771\" \/><br \/>\nLa giunta comunale di Livorno ha approvato il progetto definito della nuova ciclabile che, sorger\u00e0 nella zona sud della citt\u00e0 e collegher\u00e0 la zona all\u2019altezza dei bagni Rex con il tratto di strada antistante il campeggio Miramare. Il progetto prevede di ampliare il tratto di pista ciclabile gi\u00e0 esistente  su via Pigafetta con la realizzazione di un nuovo  percorso ciclo pedonale su via del Littorale per una lunghezza di 965 metri. La nuova ciclabile urbana avr\u00e0 un costo totale di   850mila euro .<\/p>\n","protected":false},"excerpt":{"rendered":"<p>La giunta comunale di Livorno ha approvato il progetto definito  [&#8230;]<\/p>\n","protected":false},"author":1,"featured_media":190771,"comment_status":"open","ping_status":"open","sticky":false,"template":"","format":"standard","meta":{"footnotes":""},"categories":[8],"tags":[],"class_list":["post-190770","post","type-post","status-publish","format-standard","has-post-thumbnail","hentry","category-news"],"_links":{"self":[{"href":"https:\/\/demo.cicloturismo.it\/index.php?rest_route=\/wp\/v2\/posts\/190770","targetHints":{"allow":["GET"]}}],"collection":[{"href":"https:\/\/demo.cicloturismo.it\/index.php?rest_route=\/wp\/v2\/posts"}],"about":[{"href":"https:\/\/demo.cicloturismo.it\/index.php?rest_route=\/wp\/v2\/types\/post"}],"author":[{"embeddable":true,"href":"https:\/\/demo.cicloturismo.it\/index.php?rest_route=\/wp\/v2\/users\/1"}],"replies":[{"embeddable":true,"href":"https:\/\/demo.cicloturismo.it\/index.php?rest_route=%2Fwp%2Fv2%2Fcomments&post=190770"}],"version-history":[{"count":0,"href":"https:\/\/demo.cicloturismo.it\/index.php?rest_route=\/wp\/v2\/posts\/190770\/revisions"}],"wp:featuredmedia":[{"embeddable":true,"href":"https:\/\/demo.cicloturismo.it\/index.php?rest_route=\/"}],"wp:attachment":[{"href":"https:\/\/demo.cicloturismo.it\/index.php?rest_route=%2Fwp%2Fv2%2Fmedia&parent=190770"}],"wp:term":[{"taxonomy":"category","embeddable":true,"href":"https:\/\/demo.cicloturismo.it\/index.php?rest_route=%2Fwp%2Fv2%2Fcategories&post=190770"},{"taxonomy":"post_tag","embeddable":true,"href":"https:\/\/demo.cicloturismo.it\/index.php?rest_route=%2Fwp%2Fv2%2Ftags&post=190770"}],"curies":[{"name":"wp","href":"https:\/\/api.w.org\/{rel}","templated":true}]}}