{"id":190789,"date":"2021-12-29T15:56:17","date_gmt":"2021-12-29T13:56:17","guid":{"rendered":"https:\/\/www.cicloturismo.it\/?p=190789"},"modified":"2021-12-29T15:56:17","modified_gmt":"2021-12-29T13:56:17","slug":"nuova-ciclabile-nel-citta-di-bergamo","status":"publish","type":"post","link":"https:\/\/demo.cicloturismo.it\/?p=190789","title":{"rendered":"Nuova ciclabile nel citt\u00e0 di Bergamo ."},"content":{"rendered":"<p><img decoding=\"async\" src=\"data:image\/svg+xml,%3Csvg%20xmlns%3D%27http%3A%2F%2Fwww.w3.org%2F2000%2Fsvg%27%20width%3D%27300%27%20height%3D%27168%27%20viewBox%3D%270%200%20300%20168%27%3E%3Crect%20width%3D%27300%27%20height%3D%27168%27%20fill-opacity%3D%220%22%2F%3E%3C%2Fsvg%3E\" data-orig-src=\"https:\/\/demo.cicloturismo.it\/wp-content\/uploads\/2021\/12\/bike-g8e129f512_1280-300x168.jpg\" alt=\"\" width=\"300\" height=\"168\" class=\"lazyload alignnone size-medium wp-image-190791\" \/><\/p>\n<p>La giunta comunale di Bergamo ha approvato il progetto esecutivo di due  nuove  ciclabili urbane , con un investimento di  950mila euro. Le nuove ciclabili verr\u00e0 realizzate nei quartieri di  Redona e Colognola. Il primo tratto di ciclabile  verr\u00e0 realizzato nel quartiere Redona, su  Via Don Guanella , per poi collegarsi con il tracciato    gi\u00e0 esistente proveniente dal Parco Goisis e i tracciati esistenti in Via Marzanica &#8211; ViaRadini Tedeschi. Il secondo tratto di ciclabile verr\u00e0 realizzato  nel quartiere  Colognola,lungo Via Einstein, pensato per la realizzazione di un   collegamento proprio fra il tracciato di prossima realizzazione su Via per Stezzano, quello esistente in Via Per Azzano e il complesso scolastico posto in Via Linneo attraverso il Parco dell\u2019Azzanella.<\/p>\n","protected":false},"excerpt":{"rendered":"<p>La giunta comunale di Bergamo ha approvato il progetto esecutivo  [&#8230;]<\/p>\n","protected":false},"author":1,"featured_media":190791,"comment_status":"open","ping_status":"open","sticky":false,"template":"","format":"standard","meta":{"footnotes":""},"categories":[8],"tags":[],"class_list":["post-190789","post","type-post","status-publish","format-standard","has-post-thumbnail","hentry","category-news"],"_links":{"self":[{"href":"https:\/\/demo.cicloturismo.it\/index.php?rest_route=\/wp\/v2\/posts\/190789","targetHints":{"allow":["GET"]}}],"collection":[{"href":"https:\/\/demo.cicloturismo.it\/index.php?rest_route=\/wp\/v2\/posts"}],"about":[{"href":"https:\/\/demo.cicloturismo.it\/index.php?rest_route=\/wp\/v2\/types\/post"}],"author":[{"embeddable":true,"href":"https:\/\/demo.cicloturismo.it\/index.php?rest_route=\/wp\/v2\/users\/1"}],"replies":[{"embeddable":true,"href":"https:\/\/demo.cicloturismo.it\/index.php?rest_route=%2Fwp%2Fv2%2Fcomments&post=190789"}],"version-history":[{"count":0,"href":"https:\/\/demo.cicloturismo.it\/index.php?rest_route=\/wp\/v2\/posts\/190789\/revisions"}],"wp:featuredmedia":[{"embeddable":true,"href":"https:\/\/demo.cicloturismo.it\/index.php?rest_route=\/"}],"wp:attachment":[{"href":"https:\/\/demo.cicloturismo.it\/index.php?rest_route=%2Fwp%2Fv2%2Fmedia&parent=190789"}],"wp:term":[{"taxonomy":"category","embeddable":true,"href":"https:\/\/demo.cicloturismo.it\/index.php?rest_route=%2Fwp%2Fv2%2Fcategories&post=190789"},{"taxonomy":"post_tag","embeddable":true,"href":"https:\/\/demo.cicloturismo.it\/index.php?rest_route=%2Fwp%2Fv2%2Ftags&post=190789"}],"curies":[{"name":"wp","href":"https:\/\/api.w.org\/{rel}","templated":true}]}}