{"id":190794,"date":"2021-12-29T16:06:59","date_gmt":"2021-12-29T14:06:59","guid":{"rendered":"https:\/\/www.cicloturismo.it\/?p=190794"},"modified":"2021-12-29T16:06:59","modified_gmt":"2021-12-29T14:06:59","slug":"la-nuova-velostazione-di-gallarate","status":"publish","type":"post","link":"https:\/\/demo.cicloturismo.it\/?p=190794","title":{"rendered":"La nuova  velostazione di Gallarate."},"content":{"rendered":"<p><img decoding=\"async\" src=\"data:image\/svg+xml,%3Csvg%20xmlns%3D%27http%3A%2F%2Fwww.w3.org%2F2000%2Fsvg%27%20width%3D%27300%27%20height%3D%27200%27%20viewBox%3D%270%200%20300%20200%27%3E%3Crect%20width%3D%27300%27%20height%3D%27200%27%20fill-opacity%3D%220%22%2F%3E%3C%2Fsvg%3E\" data-orig-src=\"https:\/\/demo.cicloturismo.it\/wp-content\/uploads\/2021\/12\/bicycle-g1046e61a3_1280-300x200.jpg\" alt=\"\" width=\"300\" height=\"200\" class=\"lazyload alignnone size-medium wp-image-190795\" \/><\/p>\n<p>Il comune di Gallarate ha approvato il progetto della  nuova velostazione. Il progetto prevede di realizzare una struttura coperta , che servir\u00e0 come parcheggio per biciclette e motocicli . La struttura sar\u00e0 realizzata nel quartiere  Sciar\u00e9. All&#8217;interno sar\u00e0 realizzata anche una ciclo officina,che servir\u00e0 per la manutenzione quotidiana .Il progetto prevede anche il servizio dell\u2019illuminazione interna della struttura e dell\u2019officina e la videosorveglianza giorno e notte .  <\/p>\n<p>.<\/p>\n","protected":false},"excerpt":{"rendered":"<p>Il comune di Gallarate ha approvato il progetto della nuova  [&#8230;]<\/p>\n","protected":false},"author":1,"featured_media":190795,"comment_status":"open","ping_status":"open","sticky":false,"template":"","format":"standard","meta":{"footnotes":""},"categories":[8],"tags":[],"class_list":["post-190794","post","type-post","status-publish","format-standard","has-post-thumbnail","hentry","category-news"],"_links":{"self":[{"href":"https:\/\/demo.cicloturismo.it\/index.php?rest_route=\/wp\/v2\/posts\/190794","targetHints":{"allow":["GET"]}}],"collection":[{"href":"https:\/\/demo.cicloturismo.it\/index.php?rest_route=\/wp\/v2\/posts"}],"about":[{"href":"https:\/\/demo.cicloturismo.it\/index.php?rest_route=\/wp\/v2\/types\/post"}],"author":[{"embeddable":true,"href":"https:\/\/demo.cicloturismo.it\/index.php?rest_route=\/wp\/v2\/users\/1"}],"replies":[{"embeddable":true,"href":"https:\/\/demo.cicloturismo.it\/index.php?rest_route=%2Fwp%2Fv2%2Fcomments&post=190794"}],"version-history":[{"count":0,"href":"https:\/\/demo.cicloturismo.it\/index.php?rest_route=\/wp\/v2\/posts\/190794\/revisions"}],"wp:featuredmedia":[{"embeddable":true,"href":"https:\/\/demo.cicloturismo.it\/index.php?rest_route=\/"}],"wp:attachment":[{"href":"https:\/\/demo.cicloturismo.it\/index.php?rest_route=%2Fwp%2Fv2%2Fmedia&parent=190794"}],"wp:term":[{"taxonomy":"category","embeddable":true,"href":"https:\/\/demo.cicloturismo.it\/index.php?rest_route=%2Fwp%2Fv2%2Fcategories&post=190794"},{"taxonomy":"post_tag","embeddable":true,"href":"https:\/\/demo.cicloturismo.it\/index.php?rest_route=%2Fwp%2Fv2%2Ftags&post=190794"}],"curies":[{"name":"wp","href":"https:\/\/api.w.org\/{rel}","templated":true}]}}