{"id":190837,"date":"2022-01-01T16:13:02","date_gmt":"2022-01-01T14:13:02","guid":{"rendered":"https:\/\/www.cicloturismo.it\/?p=190837"},"modified":"2022-01-01T16:13:02","modified_gmt":"2022-01-01T14:13:02","slug":"nuova-ciclabile-nel-comune-di-biassono","status":"publish","type":"post","link":"https:\/\/demo.cicloturismo.it\/?p=190837","title":{"rendered":"Nuova ciclabile nel comune di Biassono."},"content":{"rendered":"<p><img decoding=\"async\" src=\"data:image\/svg+xml,%3Csvg%20xmlns%3D%27http%3A%2F%2Fwww.w3.org%2F2000%2Fsvg%27%20width%3D%27225%27%20height%3D%27300%27%20viewBox%3D%270%200%20225%20300%27%3E%3Crect%20width%3D%27225%27%20height%3D%27300%27%20fill-opacity%3D%220%22%2F%3E%3C%2Fsvg%3E\" data-orig-src=\"https:\/\/demo.cicloturismo.it\/wp-content\/uploads\/2021\/12\/bike-path-g89b10c0a1_1920-225x300.jpg\" alt=\"\" width=\"225\" height=\"300\" class=\"lazyload alignnone size-medium wp-image-190598\" \/><\/p>\n<p>La giunta comunale di Biassono ha approvato il progetto definito della nuova ciclabile in via Porta d\u2019Arnolfo, in direzione dell\u2019Esselunga di Macherio. Il progetto prevede il  congiungimento di questo tratto con  segmenti  di ciclabile gi\u00e0 esistenti, e con la riqualificazione del tratto che sar\u00e0 destinato al passaggio  delle biciclette, garantendo cosi la massima sicurezza ai ciclisti .  La ciclabile avr\u00e0 un costo di 150mila euro . <\/p>\n","protected":false},"excerpt":{"rendered":"<p>La giunta comunale di Biassono ha approvato il progetto definito  [&#8230;]<\/p>\n","protected":false},"author":1,"featured_media":190598,"comment_status":"open","ping_status":"open","sticky":false,"template":"","format":"standard","meta":{"footnotes":""},"categories":[8],"tags":[],"class_list":["post-190837","post","type-post","status-publish","format-standard","has-post-thumbnail","hentry","category-news"],"_links":{"self":[{"href":"https:\/\/demo.cicloturismo.it\/index.php?rest_route=\/wp\/v2\/posts\/190837","targetHints":{"allow":["GET"]}}],"collection":[{"href":"https:\/\/demo.cicloturismo.it\/index.php?rest_route=\/wp\/v2\/posts"}],"about":[{"href":"https:\/\/demo.cicloturismo.it\/index.php?rest_route=\/wp\/v2\/types\/post"}],"author":[{"embeddable":true,"href":"https:\/\/demo.cicloturismo.it\/index.php?rest_route=\/wp\/v2\/users\/1"}],"replies":[{"embeddable":true,"href":"https:\/\/demo.cicloturismo.it\/index.php?rest_route=%2Fwp%2Fv2%2Fcomments&post=190837"}],"version-history":[{"count":0,"href":"https:\/\/demo.cicloturismo.it\/index.php?rest_route=\/wp\/v2\/posts\/190837\/revisions"}],"wp:featuredmedia":[{"embeddable":true,"href":"https:\/\/demo.cicloturismo.it\/index.php?rest_route=\/"}],"wp:attachment":[{"href":"https:\/\/demo.cicloturismo.it\/index.php?rest_route=%2Fwp%2Fv2%2Fmedia&parent=190837"}],"wp:term":[{"taxonomy":"category","embeddable":true,"href":"https:\/\/demo.cicloturismo.it\/index.php?rest_route=%2Fwp%2Fv2%2Fcategories&post=190837"},{"taxonomy":"post_tag","embeddable":true,"href":"https:\/\/demo.cicloturismo.it\/index.php?rest_route=%2Fwp%2Fv2%2Ftags&post=190837"}],"curies":[{"name":"wp","href":"https:\/\/api.w.org\/{rel}","templated":true}]}}